{"id":11830,"date":"2025-03-05T10:13:31","date_gmt":"2025-03-05T10:13:31","guid":{"rendered":"https:\/\/www.energiekonzepte.ch\/?p=11830"},"modified":"2025-03-05T10:18:32","modified_gmt":"2025-03-05T10:18:32","slug":"alterszentrum-du-lac-st-moritz","status":"publish","type":"post","link":"https:\/\/www.energiekonzepte.ch\/en\/project\/alterszentrum-du-lac-st-moritz\/","title":{"rendered":"Alterszentrum Du Lac, St. Moritz"},"content":{"rendered":"\n<p><strong>Gemeinschaftliches Alterszentrum<br \/><\/strong>In zentraler Lage in St. Moritz Bad wurde ein Alterszentrum mit 60 Pflegezimmern und 17 Alterswohnungen als Gemeinschaftsprojekt der Gemeinden St. Moritz, Sils und Silvaplana realisiert. In den unteren Geschossen gibt es allgemein zug\u00e4ngliche Gemeinschaftsr\u00e4ume, eine Bibliothek, ein \u00f6ffentliches Restaurant, aber auch Therapier\u00e4ume und B\u00fcros.<br \/>Gleichzeitig wurde eine \u00f6ffentliche Tiefgarage als teilweiser Ersatz der bisher oberirdischen Parkpl\u00e4tze errichtet. Diese ist auch mit dem Holzwohnhaus Du Lac in unmittelbarer Nachbarschaft verbunden.<\/p>\n<p>Der vierst\u00f6ckige Neubau soll nach Minergie-P-ECO zertifiziert werden. Die Schwerpunkte liegen somit neben Energieeffizienz und Komfort auch auf einer gesunden, \u00f6kologischen Bauweise.<br \/>EK Energiekonzepte hat das Projekt in der Planung und Umsetzung der Bereiche Bauphysik und Nachhaltigkeit begleitet.<\/p>\n<p><strong>Leichtbauweise und vorfabrizierte Fertignasszellen<br \/><\/strong>Ein Grossteil der Innenw\u00e4nde wurde in Leichtbauweise errichtet, was Flexibilit\u00e4t erm\u00f6glicht. Alle Pflegezimmer sowie Alterswohnungen sind mit eigenen Nasszellen ausgestattet, die in Holzbauweise vorfabriziert wurden.<\/p>\n<p><strong>Fokus auf gesundes Wohnklima, Tageslicht und \u00f6kologische Bauweise<br \/><\/strong>Da die Senior:innen besonders viel Zeit in den Innenr\u00e4umen verbringen werden, wurde grosser Wert auf eine gute Wohnqualit\u00e4t gelegt. Die Tageslichtverh\u00e4ltnisse wurden durch einen Fokus auf Lichtplanung optimiert und bei der Materialisierung wurde auf gesunde, schadstoffarme und kreislauff\u00e4hige Materialien geachtet. Auch Schallschutzanforderungen an wohnungsinterne Trennw\u00e4nde, die nach Minergie-ECO vorgegeben sind, tragen zum Wohnkomfort bei.<\/p>\n","protected":false},"excerpt":{"rendered":"<p>Gemeinschaftliches AlterszentrumIn zentraler Lage in St. Moritz Bad wurde ein Alterszentrum mit 60 Pflegezimmern und 17 Alterswohnungen als Gemeinschaftsprojekt der Gemeinden St. Moritz, Sils und Silvaplana realisiert. In den unteren Geschossen gibt es allgemein zug\u00e4ngliche Gemeinschaftsr\u00e4ume, eine Bibliothek, ein \u00f6ffentliches Restaurant, aber auch Therapier\u00e4ume und B\u00fcros.Gleichzeitig wurde eine \u00f6ffentliche Tiefgarage als teilweiser Ersatz der bisher [&hellip;]<\/p>\n","protected":false},"author":2,"featured_media":0,"comment_status":"open","ping_status":"open","sticky":false,"template":"","format":"standard","meta":{"_acf_changed":false,"footnotes":"","_links_to":"","_links_to_target":""},"categories":[35],"tags":[],"class_list":["post-11830","post","type-post","status-publish","format-standard","hentry","category-project"],"acf":[],"yoast_head":"<!-- This site is optimized with the Yoast SEO plugin v23.7 - https:\/\/yoast.com\/wordpress\/plugins\/seo\/ -->\n<title>Alterszentrum Du Lac, St. Moritz - Energiekonzepte<\/title>\n<meta name=\"robots\" content=\"index, follow, max-snippet:-1, max-image-preview:large, max-video-preview:-1\" \/>\n<link rel=\"canonical\" href=\"https:\/\/www.energiekonzepte.ch\/en\/project\/alterszentrum-du-lac-st-moritz\/\" \/>\n<meta property=\"og:locale\" content=\"en_US\" \/>\n<meta property=\"og:type\" content=\"article\" \/>\n<meta property=\"og:title\" content=\"Alterszentrum Du Lac, St. Moritz - Energiekonzepte\" \/>\n<meta property=\"og:description\" content=\"Gemeinschaftliches AlterszentrumIn zentraler Lage in St. Moritz Bad wurde ein Alterszentrum mit 60 Pflegezimmern und 17 Alterswohnungen als Gemeinschaftsprojekt der Gemeinden St. Moritz, Sils und Silvaplana realisiert. In den unteren Geschossen gibt es allgemein zug\u00e4ngliche Gemeinschaftsr\u00e4ume, eine Bibliothek, ein \u00f6ffentliches Restaurant, aber auch Therapier\u00e4ume und B\u00fcros.Gleichzeitig wurde eine \u00f6ffentliche Tiefgarage als teilweiser Ersatz der bisher [&hellip;]\" \/>\n<meta property=\"og:url\" content=\"https:\/\/www.energiekonzepte.ch\/en\/project\/alterszentrum-du-lac-st-moritz\/\" \/>\n<meta property=\"og:site_name\" content=\"Energiekonzepte\" \/>\n<meta property=\"article:published_time\" content=\"2025-03-05T10:13:31+00:00\" \/>\n<meta property=\"article:modified_time\" content=\"2025-03-05T10:18:32+00:00\" \/>\n<meta name=\"author\" content=\"admin\" \/>\n<meta name=\"twitter:label1\" content=\"Written by\" \/>\n\t<meta name=\"twitter:data1\" content=\"admin\" \/>\n\t<meta name=\"twitter:label2\" content=\"Est. reading time\" \/>\n\t<meta name=\"twitter:data2\" content=\"2 minutes\" \/>\n<script type=\"application\/ld+json\" class=\"yoast-schema-graph\">{\"@context\":\"https:\/\/schema.org\",\"@graph\":[{\"@type\":\"WebPage\",\"@id\":\"https:\/\/www.energiekonzepte.ch\/en\/project\/alterszentrum-du-lac-st-moritz\/\",\"url\":\"https:\/\/www.energiekonzepte.ch\/en\/project\/alterszentrum-du-lac-st-moritz\/\",\"name\":\"Alterszentrum Du Lac, St. Moritz - Energiekonzepte\",\"isPartOf\":{\"@id\":\"https:\/\/www.energiekonzepte.ch\/#website\"},\"datePublished\":\"2025-03-05T10:13:31+00:00\",\"dateModified\":\"2025-03-05T10:18:32+00:00\",\"author\":{\"@id\":\"https:\/\/www.energiekonzepte.ch\/#\/schema\/person\/85f07537477ca9f189da9083247e8d99\"},\"breadcrumb\":{\"@id\":\"https:\/\/www.energiekonzepte.ch\/en\/project\/alterszentrum-du-lac-st-moritz\/#breadcrumb\"},\"inLanguage\":\"en-US\",\"potentialAction\":[{\"@type\":\"ReadAction\",\"target\":[\"https:\/\/www.energiekonzepte.ch\/en\/project\/alterszentrum-du-lac-st-moritz\/\"]}]},{\"@type\":\"BreadcrumbList\",\"@id\":\"https:\/\/www.energiekonzepte.ch\/en\/project\/alterszentrum-du-lac-st-moritz\/#breadcrumb\",\"itemListElement\":[{\"@type\":\"ListItem\",\"position\":1,\"name\":\"Home\",\"item\":\"https:\/\/www.energiekonzepte.ch\/en\/\"},{\"@type\":\"ListItem\",\"position\":2,\"name\":\"Alterszentrum Du Lac, St. Moritz\"}]},{\"@type\":\"WebSite\",\"@id\":\"https:\/\/www.energiekonzepte.ch\/#website\",\"url\":\"https:\/\/www.energiekonzepte.ch\/\",\"name\":\"Energiekonzepte\",\"description\":\"\",\"potentialAction\":[{\"@type\":\"SearchAction\",\"target\":{\"@type\":\"EntryPoint\",\"urlTemplate\":\"https:\/\/www.energiekonzepte.ch\/?s={search_term_string}\"},\"query-input\":{\"@type\":\"PropertyValueSpecification\",\"valueRequired\":true,\"valueName\":\"search_term_string\"}}],\"inLanguage\":\"en-US\"},{\"@type\":\"Person\",\"@id\":\"https:\/\/www.energiekonzepte.ch\/#\/schema\/person\/85f07537477ca9f189da9083247e8d99\",\"name\":\"admin\",\"url\":\"https:\/\/www.energiekonzepte.ch\/en\/author\/admin\/\"}]}<\/script>\n<!-- \/ Yoast SEO plugin. -->","yoast_head_json":{"title":"Alterszentrum Du Lac, St. Moritz - Energiekonzepte","robots":{"index":"index","follow":"follow","max-snippet":"max-snippet:-1","max-image-preview":"max-image-preview:large","max-video-preview":"max-video-preview:-1"},"canonical":"https:\/\/www.energiekonzepte.ch\/en\/project\/alterszentrum-du-lac-st-moritz\/","og_locale":"en_US","og_type":"article","og_title":"Alterszentrum Du Lac, St. Moritz - Energiekonzepte","og_description":"Gemeinschaftliches AlterszentrumIn zentraler Lage in St. Moritz Bad wurde ein Alterszentrum mit 60 Pflegezimmern und 17 Alterswohnungen als Gemeinschaftsprojekt der Gemeinden St. Moritz, Sils und Silvaplana realisiert. In den unteren Geschossen gibt es allgemein zug\u00e4ngliche Gemeinschaftsr\u00e4ume, eine Bibliothek, ein \u00f6ffentliches Restaurant, aber auch Therapier\u00e4ume und B\u00fcros.Gleichzeitig wurde eine \u00f6ffentliche Tiefgarage als teilweiser Ersatz der bisher [&hellip;]","og_url":"https:\/\/www.energiekonzepte.ch\/en\/project\/alterszentrum-du-lac-st-moritz\/","og_site_name":"Energiekonzepte","article_published_time":"2025-03-05T10:13:31+00:00","article_modified_time":"2025-03-05T10:18:32+00:00","author":"admin","twitter_misc":{"Written by":"admin","Est. reading time":"2 minutes"},"schema":{"@context":"https:\/\/schema.org","@graph":[{"@type":"WebPage","@id":"https:\/\/www.energiekonzepte.ch\/en\/project\/alterszentrum-du-lac-st-moritz\/","url":"https:\/\/www.energiekonzepte.ch\/en\/project\/alterszentrum-du-lac-st-moritz\/","name":"Alterszentrum Du Lac, St. Moritz - Energiekonzepte","isPartOf":{"@id":"https:\/\/www.energiekonzepte.ch\/#website"},"datePublished":"2025-03-05T10:13:31+00:00","dateModified":"2025-03-05T10:18:32+00:00","author":{"@id":"https:\/\/www.energiekonzepte.ch\/#\/schema\/person\/85f07537477ca9f189da9083247e8d99"},"breadcrumb":{"@id":"https:\/\/www.energiekonzepte.ch\/en\/project\/alterszentrum-du-lac-st-moritz\/#breadcrumb"},"inLanguage":"en-US","potentialAction":[{"@type":"ReadAction","target":["https:\/\/www.energiekonzepte.ch\/en\/project\/alterszentrum-du-lac-st-moritz\/"]}]},{"@type":"BreadcrumbList","@id":"https:\/\/www.energiekonzepte.ch\/en\/project\/alterszentrum-du-lac-st-moritz\/#breadcrumb","itemListElement":[{"@type":"ListItem","position":1,"name":"Home","item":"https:\/\/www.energiekonzepte.ch\/en\/"},{"@type":"ListItem","position":2,"name":"Alterszentrum Du Lac, St. Moritz"}]},{"@type":"WebSite","@id":"https:\/\/www.energiekonzepte.ch\/#website","url":"https:\/\/www.energiekonzepte.ch\/","name":"Energiekonzepte","description":"","potentialAction":[{"@type":"SearchAction","target":{"@type":"EntryPoint","urlTemplate":"https:\/\/www.energiekonzepte.ch\/?s={search_term_string}"},"query-input":{"@type":"PropertyValueSpecification","valueRequired":true,"valueName":"search_term_string"}}],"inLanguage":"en-US"},{"@type":"Person","@id":"https:\/\/www.energiekonzepte.ch\/#\/schema\/person\/85f07537477ca9f189da9083247e8d99","name":"admin","url":"https:\/\/www.energiekonzepte.ch\/en\/author\/admin\/"}]}},"_links":{"self":[{"href":"https:\/\/www.energiekonzepte.ch\/en\/wp-json\/wp\/v2\/posts\/11830"}],"collection":[{"href":"https:\/\/www.energiekonzepte.ch\/en\/wp-json\/wp\/v2\/posts"}],"about":[{"href":"https:\/\/www.energiekonzepte.ch\/en\/wp-json\/wp\/v2\/types\/post"}],"author":[{"embeddable":true,"href":"https:\/\/www.energiekonzepte.ch\/en\/wp-json\/wp\/v2\/users\/2"}],"replies":[{"embeddable":true,"href":"https:\/\/www.energiekonzepte.ch\/en\/wp-json\/wp\/v2\/comments?post=11830"}],"version-history":[{"count":2,"href":"https:\/\/www.energiekonzepte.ch\/en\/wp-json\/wp\/v2\/posts\/11830\/revisions"}],"predecessor-version":[{"id":11836,"href":"https:\/\/www.energiekonzepte.ch\/en\/wp-json\/wp\/v2\/posts\/11830\/revisions\/11836"}],"wp:attachment":[{"href":"https:\/\/www.energiekonzepte.ch\/en\/wp-json\/wp\/v2\/media?parent=11830"}],"wp:term":[{"taxonomy":"category","embeddable":true,"href":"https:\/\/www.energiekonzepte.ch\/en\/wp-json\/wp\/v2\/categories?post=11830"},{"taxonomy":"post_tag","embeddable":true,"href":"https:\/\/www.energiekonzepte.ch\/en\/wp-json\/wp\/v2\/tags?post=11830"}],"curies":[{"name":"wp","href":"https:\/\/api.w.org\/{rel}","templated":true}]}}