{"id":4085,"date":"2013-04-10T15:00:59","date_gmt":"2013-04-10T15:00:59","guid":{"rendered":"http:\/\/www.energiekonzepte.ch\/uncategorized-en\/projektwettbewerb-alterszentrum-neuer-gehren-erlenbach\/"},"modified":"2023-01-09T14:38:08","modified_gmt":"2023-01-09T14:38:08","slug":"projektwettbewerb-alterszentrum-neuer-gehren-erlenbach","status":"publish","type":"post","link":"https:\/\/www.energiekonzepte.ch\/en\/project\/projektwettbewerb-alterszentrum-neuer-gehren-erlenbach\/","title":{"rendered":"Neubau Alterszentrum Neuer Gehren"},"content":{"rendered":"<p><strong>Nachhaltig Wohnen und Pflegen<\/strong><\/p>\n<p>In Erlenbach entsteht am Ort des bereits bestehenden Altersheims mit dem Projekt \u201aNeuer Gehren\u2018 ein zeitgem\u00e4sses, nachhaltiges und energetisch optimiertes Alterszentrum f\u00fcr Bewohner und Besucher. Der Ersatzneubau im Minergie\u00ae-ECO Standard vereint in 2 Geb\u00e4udeabschnitten betreutes Wohnen sowie Alterswohnen. Das Erdgeschoss wird mit Restaurant, Bibliothek und Dienstleistungsangeboten zur Begegnungszone f\u00fcr Bewohner und Besucher. Mit einer Energiebezugsfl\u00e4che von ca. 8\u2018500 m<sup>2<\/sup> pr\u00e4sentiert sich das neue Alterszentrum als hochwertiges Minergie\u00ae-ECO-Projekt.<\/p>\n<p><strong>Minimaler Heizenergiebedarf<\/strong><\/p>\n<p>Mit einem durchgehenden W\u00e4rmed\u00e4mmperimeter und einer gut ged\u00e4mmten Aussenh\u00fclle werden die W\u00e4rmeverluste minimiert. Die grossz\u00fcgigen Verglasungen nutzen passive solare Energiegewinne. Die Begegnungszonen und hausinternen Verkehrswege dienen zus\u00e4tzlich als Pufferzonen f\u00fcr die Geb\u00e4ude. Der resultierende, geringe Heizw\u00e4rmebedarf wird durch Erdw\u00e4rmesonden auf dem eigenen Gel\u00e4nde umfassend gedeckt.<\/p>\n<p><strong>Intuitiver L\u00e4rmschutz<\/strong><\/p>\n<p>Trotz der Lage an Erlenbachs Hauptverkehrsstrasse konnte ein Geb\u00e4ude entwickelt werden, welches durch Ausrichtung, Lage im Grundst\u00fcck, sowie innerer Aufteilung mit passiven Massnahmen die hohen Anspr\u00fcche an Ruhe und Erholsamkeit erf\u00fcllt.<\/p>\n<p><strong>Energiekonzept<\/strong><\/p>\n<p>Der Energiebedarf des Alterszentrums wird ausschliesslich \u00fcber regenerative Energie wie Erdw\u00e4rme und Solarenergie gedeckt. Eine Optimierung der Geb\u00e4udeh\u00fclle und der Einsatz einer mehrstufigen W\u00e4rmepumpe stellen hierzu die Grundlage dar.<\/p>\n<p><strong>Nachhaltig<\/strong><\/p>\n<p>Das Projekt orientiert sich massgeblich an den Anforderungen gem\u00e4ss Minergie-ECO\u00ae. Dieser Standard ist Garant daf\u00fcr, dass die Nutzer des Geb\u00e4udes ein baulich komfortables und gesundes Umfeld vorfinden. So zeichnet sich das Geb\u00e4ude durch die Verwendung \u00f6kologischer Materialien aus, welche die Belastung von Umwelt und Innenraumluft minimieren. Besonders die Kombination aus wenigen tragenden Massivbauelementen mit der Holz-Leichtbaufassade zeigt den schonenden Umgang mit Ressourcen auf. Die Witterungsbest\u00e4ndige Fassade \u00fcberzeugt mit ihrem geringen Instandhaltungsbedarf sowie hoher Langlebigkeit.<\/p>\n","protected":false},"excerpt":{"rendered":"<p>Nachhaltig Wohnen und Pflegen In Erlenbach entsteht am Ort des bereits bestehenden Altersheims mit dem Projekt \u201aNeuer Gehren\u2018 ein zeitgem\u00e4sses, nachhaltiges und energetisch optimiertes Alterszentrum f\u00fcr Bewohner und Besucher. Der Ersatzneubau im Minergie\u00ae-ECO Standard vereint in 2 Geb\u00e4udeabschnitten betreutes Wohnen sowie Alterswohnen. Das Erdgeschoss wird mit Restaurant, Bibliothek und Dienstleistungsangeboten zur Begegnungszone f\u00fcr Bewohner und [&hellip;]<\/p>\n","protected":false},"author":2,"featured_media":0,"comment_status":"open","ping_status":"open","sticky":false,"template":"","format":"standard","meta":{"_acf_changed":false,"footnotes":"","_links_to":"","_links_to_target":""},"categories":[35],"tags":[36,129,130],"class_list":["post-4085","post","type-post","status-publish","format-standard","hentry","category-project","tag-alterswohnenpflegeheim","tag-bueroverwaltung","tag-sportanlagenhallenbaeder"],"acf":[],"yoast_head":"<!-- This site is optimized with the Yoast SEO plugin v23.7 - https:\/\/yoast.com\/wordpress\/plugins\/seo\/ -->\n<title>Neubau Alterszentrum Neuer Gehren - Energiekonzepte<\/title>\n<meta name=\"robots\" content=\"index, follow, max-snippet:-1, max-image-preview:large, max-video-preview:-1\" \/>\n<link rel=\"canonical\" href=\"https:\/\/www.energiekonzepte.ch\/en\/project\/projektwettbewerb-alterszentrum-neuer-gehren-erlenbach\/\" \/>\n<meta property=\"og:locale\" content=\"en_US\" \/>\n<meta property=\"og:type\" content=\"article\" \/>\n<meta property=\"og:title\" content=\"Neubau Alterszentrum Neuer Gehren - Energiekonzepte\" \/>\n<meta property=\"og:description\" content=\"Nachhaltig Wohnen und Pflegen In Erlenbach entsteht am Ort des bereits bestehenden Altersheims mit dem Projekt \u201aNeuer Gehren\u2018 ein zeitgem\u00e4sses, nachhaltiges und energetisch optimiertes Alterszentrum f\u00fcr Bewohner und Besucher. Der Ersatzneubau im Minergie\u00ae-ECO Standard vereint in 2 Geb\u00e4udeabschnitten betreutes Wohnen sowie Alterswohnen. Das Erdgeschoss wird mit Restaurant, Bibliothek und Dienstleistungsangeboten zur Begegnungszone f\u00fcr Bewohner und [&hellip;]\" \/>\n<meta property=\"og:url\" content=\"https:\/\/www.energiekonzepte.ch\/en\/project\/projektwettbewerb-alterszentrum-neuer-gehren-erlenbach\/\" \/>\n<meta property=\"og:site_name\" content=\"Energiekonzepte\" \/>\n<meta property=\"article:published_time\" content=\"2013-04-10T15:00:59+00:00\" \/>\n<meta property=\"article:modified_time\" content=\"2023-01-09T14:38:08+00:00\" \/>\n<meta name=\"author\" content=\"admin\" \/>\n<meta name=\"twitter:label1\" content=\"Written by\" \/>\n\t<meta name=\"twitter:data1\" content=\"admin\" \/>\n\t<meta name=\"twitter:label2\" content=\"Est. reading time\" \/>\n\t<meta name=\"twitter:data2\" content=\"1 minute\" \/>\n<script type=\"application\/ld+json\" class=\"yoast-schema-graph\">{\"@context\":\"https:\/\/schema.org\",\"@graph\":[{\"@type\":\"WebPage\",\"@id\":\"https:\/\/www.energiekonzepte.ch\/en\/project\/projektwettbewerb-alterszentrum-neuer-gehren-erlenbach\/\",\"url\":\"https:\/\/www.energiekonzepte.ch\/en\/project\/projektwettbewerb-alterszentrum-neuer-gehren-erlenbach\/\",\"name\":\"Neubau Alterszentrum Neuer Gehren - Energiekonzepte\",\"isPartOf\":{\"@id\":\"https:\/\/www.energiekonzepte.ch\/#website\"},\"datePublished\":\"2013-04-10T15:00:59+00:00\",\"dateModified\":\"2023-01-09T14:38:08+00:00\",\"author\":{\"@id\":\"https:\/\/www.energiekonzepte.ch\/#\/schema\/person\/85f07537477ca9f189da9083247e8d99\"},\"breadcrumb\":{\"@id\":\"https:\/\/www.energiekonzepte.ch\/en\/project\/projektwettbewerb-alterszentrum-neuer-gehren-erlenbach\/#breadcrumb\"},\"inLanguage\":\"en-US\",\"potentialAction\":[{\"@type\":\"ReadAction\",\"target\":[\"https:\/\/www.energiekonzepte.ch\/en\/project\/projektwettbewerb-alterszentrum-neuer-gehren-erlenbach\/\"]}]},{\"@type\":\"BreadcrumbList\",\"@id\":\"https:\/\/www.energiekonzepte.ch\/en\/project\/projektwettbewerb-alterszentrum-neuer-gehren-erlenbach\/#breadcrumb\",\"itemListElement\":[{\"@type\":\"ListItem\",\"position\":1,\"name\":\"Home\",\"item\":\"https:\/\/www.energiekonzepte.ch\/en\/\"},{\"@type\":\"ListItem\",\"position\":2,\"name\":\"Neubau Alterszentrum Neuer Gehren\"}]},{\"@type\":\"WebSite\",\"@id\":\"https:\/\/www.energiekonzepte.ch\/#website\",\"url\":\"https:\/\/www.energiekonzepte.ch\/\",\"name\":\"Energiekonzepte\",\"description\":\"\",\"potentialAction\":[{\"@type\":\"SearchAction\",\"target\":{\"@type\":\"EntryPoint\",\"urlTemplate\":\"https:\/\/www.energiekonzepte.ch\/?s={search_term_string}\"},\"query-input\":{\"@type\":\"PropertyValueSpecification\",\"valueRequired\":true,\"valueName\":\"search_term_string\"}}],\"inLanguage\":\"en-US\"},{\"@type\":\"Person\",\"@id\":\"https:\/\/www.energiekonzepte.ch\/#\/schema\/person\/85f07537477ca9f189da9083247e8d99\",\"name\":\"admin\",\"url\":\"https:\/\/www.energiekonzepte.ch\/en\/author\/admin\/\"}]}<\/script>\n<!-- \/ Yoast SEO plugin. -->","yoast_head_json":{"title":"Neubau Alterszentrum Neuer Gehren - Energiekonzepte","robots":{"index":"index","follow":"follow","max-snippet":"max-snippet:-1","max-image-preview":"max-image-preview:large","max-video-preview":"max-video-preview:-1"},"canonical":"https:\/\/www.energiekonzepte.ch\/en\/project\/projektwettbewerb-alterszentrum-neuer-gehren-erlenbach\/","og_locale":"en_US","og_type":"article","og_title":"Neubau Alterszentrum Neuer Gehren - Energiekonzepte","og_description":"Nachhaltig Wohnen und Pflegen In Erlenbach entsteht am Ort des bereits bestehenden Altersheims mit dem Projekt \u201aNeuer Gehren\u2018 ein zeitgem\u00e4sses, nachhaltiges und energetisch optimiertes Alterszentrum f\u00fcr Bewohner und Besucher. Der Ersatzneubau im Minergie\u00ae-ECO Standard vereint in 2 Geb\u00e4udeabschnitten betreutes Wohnen sowie Alterswohnen. Das Erdgeschoss wird mit Restaurant, Bibliothek und Dienstleistungsangeboten zur Begegnungszone f\u00fcr Bewohner und [&hellip;]","og_url":"https:\/\/www.energiekonzepte.ch\/en\/project\/projektwettbewerb-alterszentrum-neuer-gehren-erlenbach\/","og_site_name":"Energiekonzepte","article_published_time":"2013-04-10T15:00:59+00:00","article_modified_time":"2023-01-09T14:38:08+00:00","author":"admin","twitter_misc":{"Written by":"admin","Est. reading time":"1 minute"},"schema":{"@context":"https:\/\/schema.org","@graph":[{"@type":"WebPage","@id":"https:\/\/www.energiekonzepte.ch\/en\/project\/projektwettbewerb-alterszentrum-neuer-gehren-erlenbach\/","url":"https:\/\/www.energiekonzepte.ch\/en\/project\/projektwettbewerb-alterszentrum-neuer-gehren-erlenbach\/","name":"Neubau Alterszentrum Neuer Gehren - Energiekonzepte","isPartOf":{"@id":"https:\/\/www.energiekonzepte.ch\/#website"},"datePublished":"2013-04-10T15:00:59+00:00","dateModified":"2023-01-09T14:38:08+00:00","author":{"@id":"https:\/\/www.energiekonzepte.ch\/#\/schema\/person\/85f07537477ca9f189da9083247e8d99"},"breadcrumb":{"@id":"https:\/\/www.energiekonzepte.ch\/en\/project\/projektwettbewerb-alterszentrum-neuer-gehren-erlenbach\/#breadcrumb"},"inLanguage":"en-US","potentialAction":[{"@type":"ReadAction","target":["https:\/\/www.energiekonzepte.ch\/en\/project\/projektwettbewerb-alterszentrum-neuer-gehren-erlenbach\/"]}]},{"@type":"BreadcrumbList","@id":"https:\/\/www.energiekonzepte.ch\/en\/project\/projektwettbewerb-alterszentrum-neuer-gehren-erlenbach\/#breadcrumb","itemListElement":[{"@type":"ListItem","position":1,"name":"Home","item":"https:\/\/www.energiekonzepte.ch\/en\/"},{"@type":"ListItem","position":2,"name":"Neubau Alterszentrum Neuer Gehren"}]},{"@type":"WebSite","@id":"https:\/\/www.energiekonzepte.ch\/#website","url":"https:\/\/www.energiekonzepte.ch\/","name":"Energiekonzepte","description":"","potentialAction":[{"@type":"SearchAction","target":{"@type":"EntryPoint","urlTemplate":"https:\/\/www.energiekonzepte.ch\/?s={search_term_string}"},"query-input":{"@type":"PropertyValueSpecification","valueRequired":true,"valueName":"search_term_string"}}],"inLanguage":"en-US"},{"@type":"Person","@id":"https:\/\/www.energiekonzepte.ch\/#\/schema\/person\/85f07537477ca9f189da9083247e8d99","name":"admin","url":"https:\/\/www.energiekonzepte.ch\/en\/author\/admin\/"}]}},"_links":{"self":[{"href":"https:\/\/www.energiekonzepte.ch\/en\/wp-json\/wp\/v2\/posts\/4085"}],"collection":[{"href":"https:\/\/www.energiekonzepte.ch\/en\/wp-json\/wp\/v2\/posts"}],"about":[{"href":"https:\/\/www.energiekonzepte.ch\/en\/wp-json\/wp\/v2\/types\/post"}],"author":[{"embeddable":true,"href":"https:\/\/www.energiekonzepte.ch\/en\/wp-json\/wp\/v2\/users\/2"}],"replies":[{"embeddable":true,"href":"https:\/\/www.energiekonzepte.ch\/en\/wp-json\/wp\/v2\/comments?post=4085"}],"version-history":[{"count":1,"href":"https:\/\/www.energiekonzepte.ch\/en\/wp-json\/wp\/v2\/posts\/4085\/revisions"}],"predecessor-version":[{"id":4086,"href":"https:\/\/www.energiekonzepte.ch\/en\/wp-json\/wp\/v2\/posts\/4085\/revisions\/4086"}],"wp:attachment":[{"href":"https:\/\/www.energiekonzepte.ch\/en\/wp-json\/wp\/v2\/media?parent=4085"}],"wp:term":[{"taxonomy":"category","embeddable":true,"href":"https:\/\/www.energiekonzepte.ch\/en\/wp-json\/wp\/v2\/categories?post=4085"},{"taxonomy":"post_tag","embeddable":true,"href":"https:\/\/www.energiekonzepte.ch\/en\/wp-json\/wp\/v2\/tags?post=4085"}],"curies":[{"name":"wp","href":"https:\/\/api.w.org\/{rel}","templated":true}]}}