{"id":4104,"date":"2013-10-25T13:41:04","date_gmt":"2013-10-25T13:41:04","guid":{"rendered":"http:\/\/www.energiekonzepte.ch\/?p=4104\/"},"modified":"2023-01-10T09:30:13","modified_gmt":"2023-01-10T09:30:13","slug":"mehrfamilienhaus-davos","status":"publish","type":"post","link":"https:\/\/www.energiekonzepte.ch\/en\/project\/mehrfamilienhaus-davos\/","title":{"rendered":"Mehrfamilienhaus Davos"},"content":{"rendered":"<p class=\"Lberschrift3\"><strong><span lang=\"DE\">25Energetisches Wohnen in Davos<br \/>\n<\/span><\/strong>Im Laufe des Planungsprozesses wurde die Zielsetzung von energetisch optimiertem Wohnen und architektonischen Vorgaben immer wieder hinterfragt und angepasst. Aus dem spannenden Planungs- und Optimierungsprozess ist ein architektonisch ansprechendes sowie energetisch optimiertes Mehrfamilienhaus entstanden.<\/p>\n<p class=\"Lberschrift3\"><span lang=\"DE\"><strong>Minimaler Energiebedarf f\u00fcr die Heizung<\/strong><br \/>\n<\/span>Ausgangspunkt f\u00fcr den tiefen Energieverbrauch ist die sehr kompakte Geb\u00e4udeform und die gute Aussenh\u00fclle. Mit dem d\u00e4mmenden Einsteinmauerwerk kann eine hohe Speichermasse f\u00fcr den winterlichen und sommerlichen W\u00e4rmeschutz ausgenutzt werden. Die Transmissionsverluste werden minimiert. Der geringe Heizw\u00e4rmebedarf wird durch eine sehr effiziente W\u00e4rmepumpe bereitgestellt.<\/p>\n<p class=\"Lberschrift3\"><span lang=\"DE\"><strong>Sommerlicher Raumkomfort<\/strong><br \/>\n<\/span>Im Sommer stellt sich demgegen\u00fcber die Aufgabe, das Geb\u00e4ude vor \u00dcberhitzung zu sch\u00fctzen. Die Geb\u00e4udemasse wird dazu vorteilhafterweise f\u00fcr den t\u00e4glichen Temperaturausgleich genutzt. Der aussenliegende Sonnenschutz erg\u00e4nzt das Konzept zum sommerlichen W\u00e4rmeschutz.1025<\/p>\n","protected":false},"excerpt":{"rendered":"<p>25Energetisches Wohnen in Davos Im Laufe des Planungsprozesses wurde die Zielsetzung von energetisch optimiertem Wohnen und architektonischen Vorgaben immer wieder hinterfragt und angepasst. Aus dem spannenden Planungs- und Optimierungsprozess ist ein architektonisch ansprechendes sowie energetisch optimiertes Mehrfamilienhaus entstanden. Minimaler Energiebedarf f\u00fcr die Heizung Ausgangspunkt f\u00fcr den tiefen Energieverbrauch ist die sehr kompakte Geb\u00e4udeform und die [&hellip;]<\/p>\n","protected":false},"author":2,"featured_media":0,"comment_status":"open","ping_status":"open","sticky":false,"template":"","format":"standard","meta":{"_acf_changed":false,"footnotes":"","_links_to":"","_links_to_target":""},"categories":[35],"tags":[126,131,123],"class_list":["post-4104","post","type-post","status-publish","format-standard","hentry","category-project","tag-mehrfamilienhaus-en","tag-neubau","tag-wettbewerb"],"acf":[],"yoast_head":"<!-- This site is optimized with the Yoast SEO plugin v23.7 - https:\/\/yoast.com\/wordpress\/plugins\/seo\/ -->\n<title>Mehrfamilienhaus Davos - Energiekonzepte<\/title>\n<meta name=\"robots\" content=\"index, follow, max-snippet:-1, max-image-preview:large, max-video-preview:-1\" \/>\n<link rel=\"canonical\" href=\"https:\/\/www.energiekonzepte.ch\/en\/project\/mehrfamilienhaus-davos\/\" \/>\n<meta property=\"og:locale\" content=\"en_US\" \/>\n<meta property=\"og:type\" content=\"article\" \/>\n<meta property=\"og:title\" content=\"Mehrfamilienhaus Davos - Energiekonzepte\" \/>\n<meta property=\"og:description\" content=\"25Energetisches Wohnen in Davos Im Laufe des Planungsprozesses wurde die Zielsetzung von energetisch optimiertem Wohnen und architektonischen Vorgaben immer wieder hinterfragt und angepasst. Aus dem spannenden Planungs- und Optimierungsprozess ist ein architektonisch ansprechendes sowie energetisch optimiertes Mehrfamilienhaus entstanden. Minimaler Energiebedarf f\u00fcr die Heizung Ausgangspunkt f\u00fcr den tiefen Energieverbrauch ist die sehr kompakte Geb\u00e4udeform und die [&hellip;]\" \/>\n<meta property=\"og:url\" content=\"https:\/\/www.energiekonzepte.ch\/en\/project\/mehrfamilienhaus-davos\/\" \/>\n<meta property=\"og:site_name\" content=\"Energiekonzepte\" \/>\n<meta property=\"article:published_time\" content=\"2013-10-25T13:41:04+00:00\" \/>\n<meta property=\"article:modified_time\" content=\"2023-01-10T09:30:13+00:00\" \/>\n<meta name=\"author\" content=\"admin\" \/>\n<meta name=\"twitter:label1\" content=\"Written by\" \/>\n\t<meta name=\"twitter:data1\" content=\"admin\" \/>\n\t<meta name=\"twitter:label2\" content=\"Est. reading time\" \/>\n\t<meta name=\"twitter:data2\" content=\"1 minute\" \/>\n<script type=\"application\/ld+json\" class=\"yoast-schema-graph\">{\"@context\":\"https:\/\/schema.org\",\"@graph\":[{\"@type\":\"WebPage\",\"@id\":\"https:\/\/www.energiekonzepte.ch\/en\/project\/mehrfamilienhaus-davos\/\",\"url\":\"https:\/\/www.energiekonzepte.ch\/en\/project\/mehrfamilienhaus-davos\/\",\"name\":\"Mehrfamilienhaus Davos - Energiekonzepte\",\"isPartOf\":{\"@id\":\"https:\/\/www.energiekonzepte.ch\/#website\"},\"datePublished\":\"2013-10-25T13:41:04+00:00\",\"dateModified\":\"2023-01-10T09:30:13+00:00\",\"author\":{\"@id\":\"https:\/\/www.energiekonzepte.ch\/#\/schema\/person\/85f07537477ca9f189da9083247e8d99\"},\"breadcrumb\":{\"@id\":\"https:\/\/www.energiekonzepte.ch\/en\/project\/mehrfamilienhaus-davos\/#breadcrumb\"},\"inLanguage\":\"en-US\",\"potentialAction\":[{\"@type\":\"ReadAction\",\"target\":[\"https:\/\/www.energiekonzepte.ch\/en\/project\/mehrfamilienhaus-davos\/\"]}]},{\"@type\":\"BreadcrumbList\",\"@id\":\"https:\/\/www.energiekonzepte.ch\/en\/project\/mehrfamilienhaus-davos\/#breadcrumb\",\"itemListElement\":[{\"@type\":\"ListItem\",\"position\":1,\"name\":\"Home\",\"item\":\"https:\/\/www.energiekonzepte.ch\/en\/\"},{\"@type\":\"ListItem\",\"position\":2,\"name\":\"Mehrfamilienhaus Davos\"}]},{\"@type\":\"WebSite\",\"@id\":\"https:\/\/www.energiekonzepte.ch\/#website\",\"url\":\"https:\/\/www.energiekonzepte.ch\/\",\"name\":\"Energiekonzepte\",\"description\":\"\",\"potentialAction\":[{\"@type\":\"SearchAction\",\"target\":{\"@type\":\"EntryPoint\",\"urlTemplate\":\"https:\/\/www.energiekonzepte.ch\/?s={search_term_string}\"},\"query-input\":{\"@type\":\"PropertyValueSpecification\",\"valueRequired\":true,\"valueName\":\"search_term_string\"}}],\"inLanguage\":\"en-US\"},{\"@type\":\"Person\",\"@id\":\"https:\/\/www.energiekonzepte.ch\/#\/schema\/person\/85f07537477ca9f189da9083247e8d99\",\"name\":\"admin\",\"url\":\"https:\/\/www.energiekonzepte.ch\/en\/author\/admin\/\"}]}<\/script>\n<!-- \/ Yoast SEO plugin. -->","yoast_head_json":{"title":"Mehrfamilienhaus Davos - Energiekonzepte","robots":{"index":"index","follow":"follow","max-snippet":"max-snippet:-1","max-image-preview":"max-image-preview:large","max-video-preview":"max-video-preview:-1"},"canonical":"https:\/\/www.energiekonzepte.ch\/en\/project\/mehrfamilienhaus-davos\/","og_locale":"en_US","og_type":"article","og_title":"Mehrfamilienhaus Davos - Energiekonzepte","og_description":"25Energetisches Wohnen in Davos Im Laufe des Planungsprozesses wurde die Zielsetzung von energetisch optimiertem Wohnen und architektonischen Vorgaben immer wieder hinterfragt und angepasst. Aus dem spannenden Planungs- und Optimierungsprozess ist ein architektonisch ansprechendes sowie energetisch optimiertes Mehrfamilienhaus entstanden. Minimaler Energiebedarf f\u00fcr die Heizung Ausgangspunkt f\u00fcr den tiefen Energieverbrauch ist die sehr kompakte Geb\u00e4udeform und die [&hellip;]","og_url":"https:\/\/www.energiekonzepte.ch\/en\/project\/mehrfamilienhaus-davos\/","og_site_name":"Energiekonzepte","article_published_time":"2013-10-25T13:41:04+00:00","article_modified_time":"2023-01-10T09:30:13+00:00","author":"admin","twitter_misc":{"Written by":"admin","Est. reading time":"1 minute"},"schema":{"@context":"https:\/\/schema.org","@graph":[{"@type":"WebPage","@id":"https:\/\/www.energiekonzepte.ch\/en\/project\/mehrfamilienhaus-davos\/","url":"https:\/\/www.energiekonzepte.ch\/en\/project\/mehrfamilienhaus-davos\/","name":"Mehrfamilienhaus Davos - Energiekonzepte","isPartOf":{"@id":"https:\/\/www.energiekonzepte.ch\/#website"},"datePublished":"2013-10-25T13:41:04+00:00","dateModified":"2023-01-10T09:30:13+00:00","author":{"@id":"https:\/\/www.energiekonzepte.ch\/#\/schema\/person\/85f07537477ca9f189da9083247e8d99"},"breadcrumb":{"@id":"https:\/\/www.energiekonzepte.ch\/en\/project\/mehrfamilienhaus-davos\/#breadcrumb"},"inLanguage":"en-US","potentialAction":[{"@type":"ReadAction","target":["https:\/\/www.energiekonzepte.ch\/en\/project\/mehrfamilienhaus-davos\/"]}]},{"@type":"BreadcrumbList","@id":"https:\/\/www.energiekonzepte.ch\/en\/project\/mehrfamilienhaus-davos\/#breadcrumb","itemListElement":[{"@type":"ListItem","position":1,"name":"Home","item":"https:\/\/www.energiekonzepte.ch\/en\/"},{"@type":"ListItem","position":2,"name":"Mehrfamilienhaus Davos"}]},{"@type":"WebSite","@id":"https:\/\/www.energiekonzepte.ch\/#website","url":"https:\/\/www.energiekonzepte.ch\/","name":"Energiekonzepte","description":"","potentialAction":[{"@type":"SearchAction","target":{"@type":"EntryPoint","urlTemplate":"https:\/\/www.energiekonzepte.ch\/?s={search_term_string}"},"query-input":{"@type":"PropertyValueSpecification","valueRequired":true,"valueName":"search_term_string"}}],"inLanguage":"en-US"},{"@type":"Person","@id":"https:\/\/www.energiekonzepte.ch\/#\/schema\/person\/85f07537477ca9f189da9083247e8d99","name":"admin","url":"https:\/\/www.energiekonzepte.ch\/en\/author\/admin\/"}]}},"_links":{"self":[{"href":"https:\/\/www.energiekonzepte.ch\/en\/wp-json\/wp\/v2\/posts\/4104"}],"collection":[{"href":"https:\/\/www.energiekonzepte.ch\/en\/wp-json\/wp\/v2\/posts"}],"about":[{"href":"https:\/\/www.energiekonzepte.ch\/en\/wp-json\/wp\/v2\/types\/post"}],"author":[{"embeddable":true,"href":"https:\/\/www.energiekonzepte.ch\/en\/wp-json\/wp\/v2\/users\/2"}],"replies":[{"embeddable":true,"href":"https:\/\/www.energiekonzepte.ch\/en\/wp-json\/wp\/v2\/comments?post=4104"}],"version-history":[{"count":2,"href":"https:\/\/www.energiekonzepte.ch\/en\/wp-json\/wp\/v2\/posts\/4104\/revisions"}],"predecessor-version":[{"id":4106,"href":"https:\/\/www.energiekonzepte.ch\/en\/wp-json\/wp\/v2\/posts\/4104\/revisions\/4106"}],"wp:attachment":[{"href":"https:\/\/www.energiekonzepte.ch\/en\/wp-json\/wp\/v2\/media?parent=4104"}],"wp:term":[{"taxonomy":"category","embeddable":true,"href":"https:\/\/www.energiekonzepte.ch\/en\/wp-json\/wp\/v2\/categories?post=4104"},{"taxonomy":"post_tag","embeddable":true,"href":"https:\/\/www.energiekonzepte.ch\/en\/wp-json\/wp\/v2\/tags?post=4104"}],"curies":[{"name":"wp","href":"https:\/\/api.w.org\/{rel}","templated":true}]}}