{"id":4110,"date":"2013-05-28T08:03:00","date_gmt":"2013-05-28T08:03:00","guid":{"rendered":"http:\/\/www.energiekonzepte.ch\/uncategorized-en\/neubau-alters-und-pflegezentrum-alpsteeblick-appenzell-innerrhoden\/"},"modified":"2023-01-10T21:41:46","modified_gmt":"2023-01-10T21:41:46","slug":"neubau-alters-und-pflegezentrum-alpsteeblick-appenzell-innerrhoden","status":"publish","type":"post","link":"https:\/\/www.energiekonzepte.ch\/en\/project\/neubau-alters-und-pflegezentrum-alpsteeblick-appenzell-innerrhoden\/","title":{"rendered":"Neubau Alters- und Pflegezentrum Alpsteeblick, Appenzell-Innerrhoden"},"content":{"rendered":"<p><strong>Nachhaltiges Alters- und Pflegezentrum in Appenzell-Innerrhoden<\/strong><br \/>\nDas Alters- und Pflegezentrum Alpsteeblick ist das gr\u00f6sste Hochbauprojekt der letzten Jahre, die im Kanton Appenzell-Innewerdenden umgesetzt wurde.\u00a0In dem von Bob Gysin + Partner Architekten (Z\u00fcrich) erbauten Geb\u00e4ude entstanden 63 neue Pflegepl\u00e4tze als Erg\u00e4nzung zum bestehenden Alters- und Pflegezentrum.<\/p>\n<p><strong>Minimaler Energiebedarf f\u00fcr die Heizung<\/strong><br \/>\nAusgangspunkt f\u00fcr den tiefen Energieverbrauch ist die sehr kompakte Geb\u00e4udeform und die gute Aussenh\u00fclle. Die Transmissionsverluste wurden minimiert. Die hohen Prim\u00e4ranforderungen gem\u00e4ss Minergie\u00ae-P werden aufgrund des umfassenden, w\u00e4rmebr\u00fcckenarmen D\u00e4mmkonzeptes gut eingehalten. Die optimierte Ausrichtung der Fenster erm\u00f6glicht eine gute Nutzung der solaren Eintr\u00e4ge.<\/p>\n<p><strong>Sommerlicher Raumkomfort<\/strong><br \/>\nIm Sommer stellt sich demgegen\u00fcber die Aufgabe, die internen Lasten energieeffizient abzuf\u00fchren. Dazu k\u00f6nnen die grossen \u00f6ffenbaren Fenster gut genutzt werden. Die L\u00fcftungsanlage unterst\u00fctzt die Abfuhr der W\u00e4rme in der Nacht. Die Geb\u00e4udemasse wirkt zus\u00e4tzlich vorteilhafterweise f\u00fcr den t\u00e4glichen Temperaturausgleich.<\/p>\n<p><strong>Aufenthaltsqualit\u00e4t<\/strong><br \/>\nDie Bauherrschaft stellt hohe Anforderungen an die Verf\u00fcgbarkeit von Tageslicht und die Effizienz der Beleuchtung. Dies wurde mit den grossen Fenstern und\u00a0 LED-Systemen\u00a0 f\u00fcr die Allgemeinbeleuchtung erreicht. Die gute Ausleuchtung der R\u00e4ume und die warmen Oberfl\u00e4chen bieten eine hohe Aufenthaltsqualit\u00e4t f\u00fcr die Bewohner.<\/p>\n<p><strong>L\u00e4rm- und Schallschutz<\/strong><br \/>\nDer anspruchsvolle L\u00e4rm- und Schallschutz entlang der Kantonsstrasse wurden gemeinsam mit den Architekten geplant und w\u00e4hrend der Bauphase gewissenhaft weiter entwickelt. Die Balkone stellen akustische Pufferzonen dar, die mit absorbierenden Oberfl\u00e4chen eine hohe Aufenthaltsqualit\u00e4t aufweisen.<\/p>\n<p>Der interne Schallschutz zwischen den Zimmern und den erg\u00e4nzenden Nutzungen wurde bereits in der Planung intensiv ber\u00fccksichtigt. In der Umsetzung wurde diese Vorleistung mit grosser Sorgfalt weiter begleitet.<\/p>\n<p>Die \u00f6ffentlichen und halb\u00f6ffentlichen Zonen werden mit akustisch wirksamen Oberfl\u00e4chen aufgewertet und laden Bewohner wie auch Besucher zum Verweilen ein.<\/p>\n","protected":false},"excerpt":{"rendered":"<p>Nachhaltiges Alters- und Pflegezentrum in Appenzell-Innerrhoden Das Alters- und Pflegezentrum Alpsteeblick ist das gr\u00f6sste Hochbauprojekt der letzten Jahre, die im Kanton Appenzell-Innewerdenden umgesetzt wurde.\u00a0In dem von Bob Gysin + Partner Architekten (Z\u00fcrich) erbauten Geb\u00e4ude entstanden 63 neue Pflegepl\u00e4tze als Erg\u00e4nzung zum bestehenden Alters- und Pflegezentrum. Minimaler Energiebedarf f\u00fcr die Heizung Ausgangspunkt f\u00fcr den tiefen Energieverbrauch [&hellip;]<\/p>\n","protected":false},"author":2,"featured_media":0,"comment_status":"open","ping_status":"open","sticky":false,"template":"","format":"standard","meta":{"_acf_changed":false,"footnotes":"","_links_to":"","_links_to_target":""},"categories":[35],"tags":[36,129],"class_list":["post-4110","post","type-post","status-publish","format-standard","hentry","category-project","tag-alterswohnenpflegeheim","tag-bueroverwaltung"],"acf":[],"yoast_head":"<!-- This site is optimized with the Yoast SEO plugin v23.7 - https:\/\/yoast.com\/wordpress\/plugins\/seo\/ -->\n<title>Neubau Alters- und Pflegezentrum Alpsteeblick, Appenzell-Innerrhoden - Energiekonzepte<\/title>\n<meta name=\"robots\" content=\"index, follow, max-snippet:-1, max-image-preview:large, max-video-preview:-1\" \/>\n<link rel=\"canonical\" href=\"https:\/\/www.energiekonzepte.ch\/en\/project\/neubau-alters-und-pflegezentrum-alpsteeblick-appenzell-innerrhoden\/\" \/>\n<meta property=\"og:locale\" content=\"en_US\" \/>\n<meta property=\"og:type\" content=\"article\" \/>\n<meta property=\"og:title\" content=\"Neubau Alters- und Pflegezentrum Alpsteeblick, Appenzell-Innerrhoden - Energiekonzepte\" \/>\n<meta property=\"og:description\" content=\"Nachhaltiges Alters- und Pflegezentrum in Appenzell-Innerrhoden Das Alters- und Pflegezentrum Alpsteeblick ist das gr\u00f6sste Hochbauprojekt der letzten Jahre, die im Kanton Appenzell-Innewerdenden umgesetzt wurde.\u00a0In dem von Bob Gysin + Partner Architekten (Z\u00fcrich) erbauten Geb\u00e4ude entstanden 63 neue Pflegepl\u00e4tze als Erg\u00e4nzung zum bestehenden Alters- und Pflegezentrum. Minimaler Energiebedarf f\u00fcr die Heizung Ausgangspunkt f\u00fcr den tiefen Energieverbrauch [&hellip;]\" \/>\n<meta property=\"og:url\" content=\"https:\/\/www.energiekonzepte.ch\/en\/project\/neubau-alters-und-pflegezentrum-alpsteeblick-appenzell-innerrhoden\/\" \/>\n<meta property=\"og:site_name\" content=\"Energiekonzepte\" \/>\n<meta property=\"article:published_time\" content=\"2013-05-28T08:03:00+00:00\" \/>\n<meta property=\"article:modified_time\" content=\"2023-01-10T21:41:46+00:00\" \/>\n<meta name=\"author\" content=\"admin\" \/>\n<meta name=\"twitter:label1\" content=\"Written by\" \/>\n\t<meta name=\"twitter:data1\" content=\"admin\" \/>\n\t<meta name=\"twitter:label2\" content=\"Est. reading time\" \/>\n\t<meta name=\"twitter:data2\" content=\"2 minutes\" \/>\n<script type=\"application\/ld+json\" class=\"yoast-schema-graph\">{\"@context\":\"https:\/\/schema.org\",\"@graph\":[{\"@type\":\"WebPage\",\"@id\":\"https:\/\/www.energiekonzepte.ch\/en\/project\/neubau-alters-und-pflegezentrum-alpsteeblick-appenzell-innerrhoden\/\",\"url\":\"https:\/\/www.energiekonzepte.ch\/en\/project\/neubau-alters-und-pflegezentrum-alpsteeblick-appenzell-innerrhoden\/\",\"name\":\"Neubau Alters- und Pflegezentrum Alpsteeblick, Appenzell-Innerrhoden - Energiekonzepte\",\"isPartOf\":{\"@id\":\"https:\/\/www.energiekonzepte.ch\/#website\"},\"datePublished\":\"2013-05-28T08:03:00+00:00\",\"dateModified\":\"2023-01-10T21:41:46+00:00\",\"author\":{\"@id\":\"https:\/\/www.energiekonzepte.ch\/#\/schema\/person\/85f07537477ca9f189da9083247e8d99\"},\"breadcrumb\":{\"@id\":\"https:\/\/www.energiekonzepte.ch\/en\/project\/neubau-alters-und-pflegezentrum-alpsteeblick-appenzell-innerrhoden\/#breadcrumb\"},\"inLanguage\":\"en-US\",\"potentialAction\":[{\"@type\":\"ReadAction\",\"target\":[\"https:\/\/www.energiekonzepte.ch\/en\/project\/neubau-alters-und-pflegezentrum-alpsteeblick-appenzell-innerrhoden\/\"]}]},{\"@type\":\"BreadcrumbList\",\"@id\":\"https:\/\/www.energiekonzepte.ch\/en\/project\/neubau-alters-und-pflegezentrum-alpsteeblick-appenzell-innerrhoden\/#breadcrumb\",\"itemListElement\":[{\"@type\":\"ListItem\",\"position\":1,\"name\":\"Home\",\"item\":\"https:\/\/www.energiekonzepte.ch\/en\/\"},{\"@type\":\"ListItem\",\"position\":2,\"name\":\"Neubau Alters- und Pflegezentrum Alpsteeblick, Appenzell-Innerrhoden\"}]},{\"@type\":\"WebSite\",\"@id\":\"https:\/\/www.energiekonzepte.ch\/#website\",\"url\":\"https:\/\/www.energiekonzepte.ch\/\",\"name\":\"Energiekonzepte\",\"description\":\"\",\"potentialAction\":[{\"@type\":\"SearchAction\",\"target\":{\"@type\":\"EntryPoint\",\"urlTemplate\":\"https:\/\/www.energiekonzepte.ch\/?s={search_term_string}\"},\"query-input\":{\"@type\":\"PropertyValueSpecification\",\"valueRequired\":true,\"valueName\":\"search_term_string\"}}],\"inLanguage\":\"en-US\"},{\"@type\":\"Person\",\"@id\":\"https:\/\/www.energiekonzepte.ch\/#\/schema\/person\/85f07537477ca9f189da9083247e8d99\",\"name\":\"admin\",\"url\":\"https:\/\/www.energiekonzepte.ch\/en\/author\/admin\/\"}]}<\/script>\n<!-- \/ Yoast SEO plugin. -->","yoast_head_json":{"title":"Neubau Alters- und Pflegezentrum Alpsteeblick, Appenzell-Innerrhoden - Energiekonzepte","robots":{"index":"index","follow":"follow","max-snippet":"max-snippet:-1","max-image-preview":"max-image-preview:large","max-video-preview":"max-video-preview:-1"},"canonical":"https:\/\/www.energiekonzepte.ch\/en\/project\/neubau-alters-und-pflegezentrum-alpsteeblick-appenzell-innerrhoden\/","og_locale":"en_US","og_type":"article","og_title":"Neubau Alters- und Pflegezentrum Alpsteeblick, Appenzell-Innerrhoden - Energiekonzepte","og_description":"Nachhaltiges Alters- und Pflegezentrum in Appenzell-Innerrhoden Das Alters- und Pflegezentrum Alpsteeblick ist das gr\u00f6sste Hochbauprojekt der letzten Jahre, die im Kanton Appenzell-Innewerdenden umgesetzt wurde.\u00a0In dem von Bob Gysin + Partner Architekten (Z\u00fcrich) erbauten Geb\u00e4ude entstanden 63 neue Pflegepl\u00e4tze als Erg\u00e4nzung zum bestehenden Alters- und Pflegezentrum. Minimaler Energiebedarf f\u00fcr die Heizung Ausgangspunkt f\u00fcr den tiefen Energieverbrauch [&hellip;]","og_url":"https:\/\/www.energiekonzepte.ch\/en\/project\/neubau-alters-und-pflegezentrum-alpsteeblick-appenzell-innerrhoden\/","og_site_name":"Energiekonzepte","article_published_time":"2013-05-28T08:03:00+00:00","article_modified_time":"2023-01-10T21:41:46+00:00","author":"admin","twitter_misc":{"Written by":"admin","Est. reading time":"2 minutes"},"schema":{"@context":"https:\/\/schema.org","@graph":[{"@type":"WebPage","@id":"https:\/\/www.energiekonzepte.ch\/en\/project\/neubau-alters-und-pflegezentrum-alpsteeblick-appenzell-innerrhoden\/","url":"https:\/\/www.energiekonzepte.ch\/en\/project\/neubau-alters-und-pflegezentrum-alpsteeblick-appenzell-innerrhoden\/","name":"Neubau Alters- und Pflegezentrum Alpsteeblick, Appenzell-Innerrhoden - Energiekonzepte","isPartOf":{"@id":"https:\/\/www.energiekonzepte.ch\/#website"},"datePublished":"2013-05-28T08:03:00+00:00","dateModified":"2023-01-10T21:41:46+00:00","author":{"@id":"https:\/\/www.energiekonzepte.ch\/#\/schema\/person\/85f07537477ca9f189da9083247e8d99"},"breadcrumb":{"@id":"https:\/\/www.energiekonzepte.ch\/en\/project\/neubau-alters-und-pflegezentrum-alpsteeblick-appenzell-innerrhoden\/#breadcrumb"},"inLanguage":"en-US","potentialAction":[{"@type":"ReadAction","target":["https:\/\/www.energiekonzepte.ch\/en\/project\/neubau-alters-und-pflegezentrum-alpsteeblick-appenzell-innerrhoden\/"]}]},{"@type":"BreadcrumbList","@id":"https:\/\/www.energiekonzepte.ch\/en\/project\/neubau-alters-und-pflegezentrum-alpsteeblick-appenzell-innerrhoden\/#breadcrumb","itemListElement":[{"@type":"ListItem","position":1,"name":"Home","item":"https:\/\/www.energiekonzepte.ch\/en\/"},{"@type":"ListItem","position":2,"name":"Neubau Alters- und Pflegezentrum Alpsteeblick, Appenzell-Innerrhoden"}]},{"@type":"WebSite","@id":"https:\/\/www.energiekonzepte.ch\/#website","url":"https:\/\/www.energiekonzepte.ch\/","name":"Energiekonzepte","description":"","potentialAction":[{"@type":"SearchAction","target":{"@type":"EntryPoint","urlTemplate":"https:\/\/www.energiekonzepte.ch\/?s={search_term_string}"},"query-input":{"@type":"PropertyValueSpecification","valueRequired":true,"valueName":"search_term_string"}}],"inLanguage":"en-US"},{"@type":"Person","@id":"https:\/\/www.energiekonzepte.ch\/#\/schema\/person\/85f07537477ca9f189da9083247e8d99","name":"admin","url":"https:\/\/www.energiekonzepte.ch\/en\/author\/admin\/"}]}},"_links":{"self":[{"href":"https:\/\/www.energiekonzepte.ch\/en\/wp-json\/wp\/v2\/posts\/4110"}],"collection":[{"href":"https:\/\/www.energiekonzepte.ch\/en\/wp-json\/wp\/v2\/posts"}],"about":[{"href":"https:\/\/www.energiekonzepte.ch\/en\/wp-json\/wp\/v2\/types\/post"}],"author":[{"embeddable":true,"href":"https:\/\/www.energiekonzepte.ch\/en\/wp-json\/wp\/v2\/users\/2"}],"replies":[{"embeddable":true,"href":"https:\/\/www.energiekonzepte.ch\/en\/wp-json\/wp\/v2\/comments?post=4110"}],"version-history":[{"count":1,"href":"https:\/\/www.energiekonzepte.ch\/en\/wp-json\/wp\/v2\/posts\/4110\/revisions"}],"predecessor-version":[{"id":4111,"href":"https:\/\/www.energiekonzepte.ch\/en\/wp-json\/wp\/v2\/posts\/4110\/revisions\/4111"}],"wp:attachment":[{"href":"https:\/\/www.energiekonzepte.ch\/en\/wp-json\/wp\/v2\/media?parent=4110"}],"wp:term":[{"taxonomy":"category","embeddable":true,"href":"https:\/\/www.energiekonzepte.ch\/en\/wp-json\/wp\/v2\/categories?post=4110"},{"taxonomy":"post_tag","embeddable":true,"href":"https:\/\/www.energiekonzepte.ch\/en\/wp-json\/wp\/v2\/tags?post=4110"}],"curies":[{"name":"wp","href":"https:\/\/api.w.org\/{rel}","templated":true}]}}