{"id":4306,"date":"2017-07-20T12:55:11","date_gmt":"2017-07-20T12:55:11","guid":{"rendered":"http:\/\/www.energiekonzepte.ch\/uncategorized-en\/befugnis-fuer-private-kontrolle-im-fachbereich-beleuchtung\/"},"modified":"2017-07-24T06:31:58","modified_gmt":"2017-07-24T06:31:58","slug":"befugnis-fuer-private-kontrolle-im-fachbereich-beleuchtung","status":"publish","type":"post","link":"https:\/\/www.energiekonzepte.ch\/en\/current\/befugnis-fuer-private-kontrolle-im-fachbereich-beleuchtung\/","title":{"rendered":"Befugnis f\u00fcr Private Kontrolle im Fachbereich Beleuchtung"},"content":{"rendered":"<p>Die EK Energiekonzepte AG bietet die Private Kontrolle der Bauvorschriften der diverse Fachbereiche an. Im Gegensatz zur beh\u00f6rdlichen Kontrolle \u00fcbernehmen in diesem System, das in f\u00fcnf Kantonen (AR, GL, SG, SZ und ZH) zur Anwendung kommt, private Personen den Vollzug der Vorschriften.<\/p>\n<p>Mitarbeitende der EK Energiekonzepte AG sind bereits f\u00fcr die Aus\u00fcbung der Privaten Kontrollen in den Fachbereichen <strong>W\u00e4rmeschutz, Schutz vor L\u00e4rm, Heizungsanlagen<\/strong> und <strong>Klima- und Bel\u00fcftungsanlagen<\/strong> befugt. Neu kann auch der Fachbereich <strong>Beleuchtung<\/strong> abgedeckt werden.<\/p>\n<p>Somit k\u00f6nnen wir Bauprojekte nicht nur planen, sondern auch den Vollzug der Vorschriften aller f\u00fcnf Energie-Fachbereiche begleiten, kontrollieren und best\u00e4tigen.<\/p>\n<p><a href=\"http:\/\/www.awel.zh.ch\/internet\/baudirektion\/awel\/de\/energie_radioaktive_abfaelle\/private_kontrolle.html\" target=\"_blank\" rel=\"noopener\">AWEL Amt f\u00fcr Abfall, Wasser, Energie und Luft<\/a><\/p>\n","protected":false},"excerpt":{"rendered":"<p>Die EK Energiekonzepte AG bietet die Private Kontrolle der Bauvorschriften der diverse Fachbereiche an. Im Gegensatz zur beh\u00f6rdlichen Kontrolle \u00fcbernehmen in diesem System, das in f\u00fcnf Kantonen (AR, GL, SG, SZ und ZH) zur Anwendung kommt, private Personen den Vollzug der Vorschriften. Mitarbeitende der EK Energiekonzepte AG sind bereits f\u00fcr die Aus\u00fcbung der Privaten Kontrollen [&hellip;]<\/p>\n","protected":false},"author":2,"featured_media":4326,"comment_status":"open","ping_status":"open","sticky":false,"template":"","format":"standard","meta":{"_acf_changed":false,"footnotes":"","_links_to":"","_links_to_target":""},"categories":[33],"tags":[],"class_list":["post-4306","post","type-post","status-publish","format-standard","has-post-thumbnail","hentry","category-current"],"acf":[],"yoast_head":"<!-- This site is optimized with the Yoast SEO plugin v23.7 - https:\/\/yoast.com\/wordpress\/plugins\/seo\/ -->\n<title>Befugnis f\u00fcr Private Kontrolle im Fachbereich Beleuchtung - Energiekonzepte<\/title>\n<meta name=\"robots\" content=\"index, follow, max-snippet:-1, max-image-preview:large, max-video-preview:-1\" \/>\n<link rel=\"canonical\" href=\"https:\/\/www.energiekonzepte.ch\/en\/current\/befugnis-fuer-private-kontrolle-im-fachbereich-beleuchtung\/\" \/>\n<meta property=\"og:locale\" content=\"en_US\" \/>\n<meta property=\"og:type\" content=\"article\" \/>\n<meta property=\"og:title\" content=\"Befugnis f\u00fcr Private Kontrolle im Fachbereich Beleuchtung - Energiekonzepte\" \/>\n<meta property=\"og:description\" content=\"Die EK Energiekonzepte AG bietet die Private Kontrolle der Bauvorschriften der diverse Fachbereiche an. Im Gegensatz zur beh\u00f6rdlichen Kontrolle \u00fcbernehmen in diesem System, das in f\u00fcnf Kantonen (AR, GL, SG, SZ und ZH) zur Anwendung kommt, private Personen den Vollzug der Vorschriften. Mitarbeitende der EK Energiekonzepte AG sind bereits f\u00fcr die Aus\u00fcbung der Privaten Kontrollen [&hellip;]\" \/>\n<meta property=\"og:url\" content=\"https:\/\/www.energiekonzepte.ch\/en\/current\/befugnis-fuer-private-kontrolle-im-fachbereich-beleuchtung\/\" \/>\n<meta property=\"og:site_name\" content=\"Energiekonzepte\" \/>\n<meta property=\"article:published_time\" content=\"2017-07-20T12:55:11+00:00\" \/>\n<meta property=\"article:modified_time\" content=\"2017-07-24T06:31:58+00:00\" \/>\n<meta property=\"og:image\" content=\"https:\/\/www.energiekonzepte.ch\/wp-content\/uploads\/2017\/07\/Foto_742X351-1.jpg\" \/>\n\t<meta property=\"og:image:width\" content=\"742\" \/>\n\t<meta property=\"og:image:height\" content=\"351\" \/>\n\t<meta property=\"og:image:type\" content=\"image\/jpeg\" \/>\n<meta name=\"author\" content=\"admin\" \/>\n<meta name=\"twitter:label1\" content=\"Written by\" \/>\n\t<meta name=\"twitter:data1\" content=\"admin\" \/>\n\t<meta name=\"twitter:label2\" content=\"Est. reading time\" \/>\n\t<meta name=\"twitter:data2\" content=\"1 minute\" \/>\n<script type=\"application\/ld+json\" class=\"yoast-schema-graph\">{\"@context\":\"https:\/\/schema.org\",\"@graph\":[{\"@type\":\"WebPage\",\"@id\":\"https:\/\/www.energiekonzepte.ch\/en\/current\/befugnis-fuer-private-kontrolle-im-fachbereich-beleuchtung\/\",\"url\":\"https:\/\/www.energiekonzepte.ch\/en\/current\/befugnis-fuer-private-kontrolle-im-fachbereich-beleuchtung\/\",\"name\":\"Befugnis f\u00fcr Private Kontrolle im Fachbereich Beleuchtung - Energiekonzepte\",\"isPartOf\":{\"@id\":\"https:\/\/www.energiekonzepte.ch\/#website\"},\"primaryImageOfPage\":{\"@id\":\"https:\/\/www.energiekonzepte.ch\/en\/current\/befugnis-fuer-private-kontrolle-im-fachbereich-beleuchtung\/#primaryimage\"},\"image\":{\"@id\":\"https:\/\/www.energiekonzepte.ch\/en\/current\/befugnis-fuer-private-kontrolle-im-fachbereich-beleuchtung\/#primaryimage\"},\"thumbnailUrl\":\"https:\/\/www.energiekonzepte.ch\/wp-content\/uploads\/2017\/07\/Foto_742X351-1.jpg\",\"datePublished\":\"2017-07-20T12:55:11+00:00\",\"dateModified\":\"2017-07-24T06:31:58+00:00\",\"author\":{\"@id\":\"https:\/\/www.energiekonzepte.ch\/#\/schema\/person\/85f07537477ca9f189da9083247e8d99\"},\"breadcrumb\":{\"@id\":\"https:\/\/www.energiekonzepte.ch\/en\/current\/befugnis-fuer-private-kontrolle-im-fachbereich-beleuchtung\/#breadcrumb\"},\"inLanguage\":\"en-US\",\"potentialAction\":[{\"@type\":\"ReadAction\",\"target\":[\"https:\/\/www.energiekonzepte.ch\/en\/current\/befugnis-fuer-private-kontrolle-im-fachbereich-beleuchtung\/\"]}]},{\"@type\":\"ImageObject\",\"inLanguage\":\"en-US\",\"@id\":\"https:\/\/www.energiekonzepte.ch\/en\/current\/befugnis-fuer-private-kontrolle-im-fachbereich-beleuchtung\/#primaryimage\",\"url\":\"https:\/\/www.energiekonzepte.ch\/wp-content\/uploads\/2017\/07\/Foto_742X351-1.jpg\",\"contentUrl\":\"https:\/\/www.energiekonzepte.ch\/wp-content\/uploads\/2017\/07\/Foto_742X351-1.jpg\",\"width\":742,\"height\":351},{\"@type\":\"BreadcrumbList\",\"@id\":\"https:\/\/www.energiekonzepte.ch\/en\/current\/befugnis-fuer-private-kontrolle-im-fachbereich-beleuchtung\/#breadcrumb\",\"itemListElement\":[{\"@type\":\"ListItem\",\"position\":1,\"name\":\"Home\",\"item\":\"https:\/\/www.energiekonzepte.ch\/en\/\"},{\"@type\":\"ListItem\",\"position\":2,\"name\":\"Befugnis f\u00fcr Private Kontrolle im Fachbereich Beleuchtung\"}]},{\"@type\":\"WebSite\",\"@id\":\"https:\/\/www.energiekonzepte.ch\/#website\",\"url\":\"https:\/\/www.energiekonzepte.ch\/\",\"name\":\"Energiekonzepte\",\"description\":\"\",\"potentialAction\":[{\"@type\":\"SearchAction\",\"target\":{\"@type\":\"EntryPoint\",\"urlTemplate\":\"https:\/\/www.energiekonzepte.ch\/?s={search_term_string}\"},\"query-input\":{\"@type\":\"PropertyValueSpecification\",\"valueRequired\":true,\"valueName\":\"search_term_string\"}}],\"inLanguage\":\"en-US\"},{\"@type\":\"Person\",\"@id\":\"https:\/\/www.energiekonzepte.ch\/#\/schema\/person\/85f07537477ca9f189da9083247e8d99\",\"name\":\"admin\",\"url\":\"https:\/\/www.energiekonzepte.ch\/en\/author\/admin\/\"}]}<\/script>\n<!-- \/ Yoast SEO plugin. -->","yoast_head_json":{"title":"Befugnis f\u00fcr Private Kontrolle im Fachbereich Beleuchtung - Energiekonzepte","robots":{"index":"index","follow":"follow","max-snippet":"max-snippet:-1","max-image-preview":"max-image-preview:large","max-video-preview":"max-video-preview:-1"},"canonical":"https:\/\/www.energiekonzepte.ch\/en\/current\/befugnis-fuer-private-kontrolle-im-fachbereich-beleuchtung\/","og_locale":"en_US","og_type":"article","og_title":"Befugnis f\u00fcr Private Kontrolle im Fachbereich Beleuchtung - Energiekonzepte","og_description":"Die EK Energiekonzepte AG bietet die Private Kontrolle der Bauvorschriften der diverse Fachbereiche an. Im Gegensatz zur beh\u00f6rdlichen Kontrolle \u00fcbernehmen in diesem System, das in f\u00fcnf Kantonen (AR, GL, SG, SZ und ZH) zur Anwendung kommt, private Personen den Vollzug der Vorschriften. Mitarbeitende der EK Energiekonzepte AG sind bereits f\u00fcr die Aus\u00fcbung der Privaten Kontrollen [&hellip;]","og_url":"https:\/\/www.energiekonzepte.ch\/en\/current\/befugnis-fuer-private-kontrolle-im-fachbereich-beleuchtung\/","og_site_name":"Energiekonzepte","article_published_time":"2017-07-20T12:55:11+00:00","article_modified_time":"2017-07-24T06:31:58+00:00","og_image":[{"width":742,"height":351,"url":"https:\/\/www.energiekonzepte.ch\/wp-content\/uploads\/2017\/07\/Foto_742X351-1.jpg","type":"image\/jpeg"}],"author":"admin","twitter_misc":{"Written by":"admin","Est. reading time":"1 minute"},"schema":{"@context":"https:\/\/schema.org","@graph":[{"@type":"WebPage","@id":"https:\/\/www.energiekonzepte.ch\/en\/current\/befugnis-fuer-private-kontrolle-im-fachbereich-beleuchtung\/","url":"https:\/\/www.energiekonzepte.ch\/en\/current\/befugnis-fuer-private-kontrolle-im-fachbereich-beleuchtung\/","name":"Befugnis f\u00fcr Private Kontrolle im Fachbereich Beleuchtung - Energiekonzepte","isPartOf":{"@id":"https:\/\/www.energiekonzepte.ch\/#website"},"primaryImageOfPage":{"@id":"https:\/\/www.energiekonzepte.ch\/en\/current\/befugnis-fuer-private-kontrolle-im-fachbereich-beleuchtung\/#primaryimage"},"image":{"@id":"https:\/\/www.energiekonzepte.ch\/en\/current\/befugnis-fuer-private-kontrolle-im-fachbereich-beleuchtung\/#primaryimage"},"thumbnailUrl":"https:\/\/www.energiekonzepte.ch\/wp-content\/uploads\/2017\/07\/Foto_742X351-1.jpg","datePublished":"2017-07-20T12:55:11+00:00","dateModified":"2017-07-24T06:31:58+00:00","author":{"@id":"https:\/\/www.energiekonzepte.ch\/#\/schema\/person\/85f07537477ca9f189da9083247e8d99"},"breadcrumb":{"@id":"https:\/\/www.energiekonzepte.ch\/en\/current\/befugnis-fuer-private-kontrolle-im-fachbereich-beleuchtung\/#breadcrumb"},"inLanguage":"en-US","potentialAction":[{"@type":"ReadAction","target":["https:\/\/www.energiekonzepte.ch\/en\/current\/befugnis-fuer-private-kontrolle-im-fachbereich-beleuchtung\/"]}]},{"@type":"ImageObject","inLanguage":"en-US","@id":"https:\/\/www.energiekonzepte.ch\/en\/current\/befugnis-fuer-private-kontrolle-im-fachbereich-beleuchtung\/#primaryimage","url":"https:\/\/www.energiekonzepte.ch\/wp-content\/uploads\/2017\/07\/Foto_742X351-1.jpg","contentUrl":"https:\/\/www.energiekonzepte.ch\/wp-content\/uploads\/2017\/07\/Foto_742X351-1.jpg","width":742,"height":351},{"@type":"BreadcrumbList","@id":"https:\/\/www.energiekonzepte.ch\/en\/current\/befugnis-fuer-private-kontrolle-im-fachbereich-beleuchtung\/#breadcrumb","itemListElement":[{"@type":"ListItem","position":1,"name":"Home","item":"https:\/\/www.energiekonzepte.ch\/en\/"},{"@type":"ListItem","position":2,"name":"Befugnis f\u00fcr Private Kontrolle im Fachbereich Beleuchtung"}]},{"@type":"WebSite","@id":"https:\/\/www.energiekonzepte.ch\/#website","url":"https:\/\/www.energiekonzepte.ch\/","name":"Energiekonzepte","description":"","potentialAction":[{"@type":"SearchAction","target":{"@type":"EntryPoint","urlTemplate":"https:\/\/www.energiekonzepte.ch\/?s={search_term_string}"},"query-input":{"@type":"PropertyValueSpecification","valueRequired":true,"valueName":"search_term_string"}}],"inLanguage":"en-US"},{"@type":"Person","@id":"https:\/\/www.energiekonzepte.ch\/#\/schema\/person\/85f07537477ca9f189da9083247e8d99","name":"admin","url":"https:\/\/www.energiekonzepte.ch\/en\/author\/admin\/"}]}},"_links":{"self":[{"href":"https:\/\/www.energiekonzepte.ch\/en\/wp-json\/wp\/v2\/posts\/4306"}],"collection":[{"href":"https:\/\/www.energiekonzepte.ch\/en\/wp-json\/wp\/v2\/posts"}],"about":[{"href":"https:\/\/www.energiekonzepte.ch\/en\/wp-json\/wp\/v2\/types\/post"}],"author":[{"embeddable":true,"href":"https:\/\/www.energiekonzepte.ch\/en\/wp-json\/wp\/v2\/users\/2"}],"replies":[{"embeddable":true,"href":"https:\/\/www.energiekonzepte.ch\/en\/wp-json\/wp\/v2\/comments?post=4306"}],"version-history":[{"count":9,"href":"https:\/\/www.energiekonzepte.ch\/en\/wp-json\/wp\/v2\/posts\/4306\/revisions"}],"predecessor-version":[{"id":4325,"href":"https:\/\/www.energiekonzepte.ch\/en\/wp-json\/wp\/v2\/posts\/4306\/revisions\/4325"}],"wp:featuredmedia":[{"embeddable":true,"href":"https:\/\/www.energiekonzepte.ch\/en\/wp-json\/wp\/v2\/media\/4326"}],"wp:attachment":[{"href":"https:\/\/www.energiekonzepte.ch\/en\/wp-json\/wp\/v2\/media?parent=4306"}],"wp:term":[{"taxonomy":"category","embeddable":true,"href":"https:\/\/www.energiekonzepte.ch\/en\/wp-json\/wp\/v2\/categories?post=4306"},{"taxonomy":"post_tag","embeddable":true,"href":"https:\/\/www.energiekonzepte.ch\/en\/wp-json\/wp\/v2\/tags?post=4306"}],"curies":[{"name":"wp","href":"https:\/\/api.w.org\/{rel}","templated":true}]}}