{"id":5094,"date":"2018-07-31T09:58:13","date_gmt":"2018-07-31T09:58:13","guid":{"rendered":"http:\/\/www.energiekonzepte.ch\/uncategorized-en\/1-rang-neubau-pflegezentrum-du-lac-in-st-moritz\/"},"modified":"2018-07-31T10:24:30","modified_gmt":"2018-07-31T10:24:30","slug":"1-rang-neubau-pflegezentrum-du-lac-in-st-moritz","status":"publish","type":"post","link":"https:\/\/www.energiekonzepte.ch\/en\/current\/1-rang-neubau-pflegezentrum-du-lac-in-st-moritz\/","title":{"rendered":"1. Rang: Neubau Pflegezentrum Du Lac in St. Moritz"},"content":{"rendered":"<p>Wo einst eines der ersten Luxushotels der Region stand, entsteht ein sozialer Neubau, der Assoziationen an das eigene Zuhause weckt. Hier werden Menschen begleitet, die auf unterschiedlichste Art und Weise und in unterschiedlicher Intensit\u00e4t Pflege und Betreuung ben\u00f6tigen. Viel Tageslicht, grossz\u00fcgige Erschliessungsfl\u00e4chen und offene gemeinschaftlich genutzte Bereiche schaffen ein angenehmes Ambiente zum Leben und Arbeiten.<\/p>\n<p>Die gute ged\u00e4mmte Geb\u00e4udeh\u00fclle des kompakten Geb\u00e4udes vereint mit der Fassade im Holz-Elementbau, 3-IV-Fenstern und einer durchgehenden thermischen H\u00fclle alle Anforderungen an eine hohe Energieeffizienz, guten L\u00e4rm- und Schallschutz sowie einer nachhaltigen, dauerhaften Bauweise. Alle Bauteile weisen eine hohe Best\u00e4ndigkeit, wenig Wartungsaufwand und energetisch hochwertige Eigenschaften auf.<\/p>\n<p>Aussen bezieht sich die gestockte Betonfassade auf die mineralische Alpenumgebung, w\u00e4hrend innen Oberfl\u00e4chen aus Holz eine warme Atmosph\u00e4re schaffen und an traditionelle Innenr\u00e4ume der Region erinnern. Die an das Geb\u00e4ude gestellten Anforderungen im Bereich Energie und Komfort werden durch den Einsatz von ressourcenschonenden, emissionsarmen und thermisch wirksamen Materialien ber\u00fccksichtigt.<\/p>\n<p>Die Anforderungen des geplanten Minergie-P-Eco-Standards k\u00f6nnen gut erf\u00fcllt werden.<\/p>\n<p><a href=\"https:\/\/www.competitionline.com\/de\/beitraege\/159698\" target=\"_blank\" rel=\"noopener\">Competitionline Newsletter<\/a><\/p>\n","protected":false},"excerpt":{"rendered":"<p>Wo einst eines der ersten Luxushotels der Region stand, entsteht ein sozialer Neubau, der Assoziationen an das eigene Zuhause weckt. Hier werden Menschen begleitet, die auf unterschiedlichste Art und Weise und in unterschiedlicher Intensit\u00e4t Pflege und Betreuung ben\u00f6tigen. Viel Tageslicht, grossz\u00fcgige Erschliessungsfl\u00e4chen und offene gemeinschaftlich genutzte Bereiche schaffen ein angenehmes Ambiente zum Leben und Arbeiten. [&hellip;]<\/p>\n","protected":false},"author":2,"featured_media":8452,"comment_status":"open","ping_status":"open","sticky":false,"template":"","format":"standard","meta":{"_acf_changed":false,"footnotes":"","_links_to":"","_links_to_target":""},"categories":[33],"tags":[],"class_list":["post-5094","post","type-post","status-publish","format-standard","has-post-thumbnail","hentry","category-current"],"acf":[],"yoast_head":"<!-- This site is optimized with the Yoast SEO plugin v23.7 - https:\/\/yoast.com\/wordpress\/plugins\/seo\/ -->\n<title>1. Rang: Neubau Pflegezentrum Du Lac in St. Moritz - Energiekonzepte<\/title>\n<meta name=\"robots\" content=\"index, follow, max-snippet:-1, max-image-preview:large, max-video-preview:-1\" \/>\n<link rel=\"canonical\" href=\"https:\/\/www.energiekonzepte.ch\/en\/current\/1-rang-neubau-pflegezentrum-du-lac-in-st-moritz\/\" \/>\n<meta property=\"og:locale\" content=\"en_US\" \/>\n<meta property=\"og:type\" content=\"article\" \/>\n<meta property=\"og:title\" content=\"1. Rang: Neubau Pflegezentrum Du Lac in St. Moritz - Energiekonzepte\" \/>\n<meta property=\"og:description\" content=\"Wo einst eines der ersten Luxushotels der Region stand, entsteht ein sozialer Neubau, der Assoziationen an das eigene Zuhause weckt. Hier werden Menschen begleitet, die auf unterschiedlichste Art und Weise und in unterschiedlicher Intensit\u00e4t Pflege und Betreuung ben\u00f6tigen. Viel Tageslicht, grossz\u00fcgige Erschliessungsfl\u00e4chen und offene gemeinschaftlich genutzte Bereiche schaffen ein angenehmes Ambiente zum Leben und Arbeiten. [&hellip;]\" \/>\n<meta property=\"og:url\" content=\"https:\/\/www.energiekonzepte.ch\/en\/current\/1-rang-neubau-pflegezentrum-du-lac-in-st-moritz\/\" \/>\n<meta property=\"og:site_name\" content=\"Energiekonzepte\" \/>\n<meta property=\"article:published_time\" content=\"2018-07-31T09:58:13+00:00\" \/>\n<meta property=\"article:modified_time\" content=\"2018-07-31T10:24:30+00:00\" \/>\n<meta name=\"author\" content=\"admin\" \/>\n<meta name=\"twitter:label1\" content=\"Written by\" \/>\n\t<meta name=\"twitter:data1\" content=\"admin\" \/>\n\t<meta name=\"twitter:label2\" content=\"Est. reading time\" \/>\n\t<meta name=\"twitter:data2\" content=\"1 minute\" \/>\n<script type=\"application\/ld+json\" class=\"yoast-schema-graph\">{\"@context\":\"https:\/\/schema.org\",\"@graph\":[{\"@type\":\"WebPage\",\"@id\":\"https:\/\/www.energiekonzepte.ch\/en\/current\/1-rang-neubau-pflegezentrum-du-lac-in-st-moritz\/\",\"url\":\"https:\/\/www.energiekonzepte.ch\/en\/current\/1-rang-neubau-pflegezentrum-du-lac-in-st-moritz\/\",\"name\":\"1. Rang: Neubau Pflegezentrum Du Lac in St. Moritz - Energiekonzepte\",\"isPartOf\":{\"@id\":\"https:\/\/www.energiekonzepte.ch\/#website\"},\"primaryImageOfPage\":{\"@id\":\"https:\/\/www.energiekonzepte.ch\/en\/current\/1-rang-neubau-pflegezentrum-du-lac-in-st-moritz\/#primaryimage\"},\"image\":{\"@id\":\"https:\/\/www.energiekonzepte.ch\/en\/current\/1-rang-neubau-pflegezentrum-du-lac-in-st-moritz\/#primaryimage\"},\"thumbnailUrl\":\"https:\/\/www.energiekonzepte.ch\/wp-content\/uploads\/2018\/07\/wb220_Visualisierung.jpg\",\"datePublished\":\"2018-07-31T09:58:13+00:00\",\"dateModified\":\"2018-07-31T10:24:30+00:00\",\"author\":{\"@id\":\"https:\/\/www.energiekonzepte.ch\/#\/schema\/person\/85f07537477ca9f189da9083247e8d99\"},\"breadcrumb\":{\"@id\":\"https:\/\/www.energiekonzepte.ch\/en\/current\/1-rang-neubau-pflegezentrum-du-lac-in-st-moritz\/#breadcrumb\"},\"inLanguage\":\"en-US\",\"potentialAction\":[{\"@type\":\"ReadAction\",\"target\":[\"https:\/\/www.energiekonzepte.ch\/en\/current\/1-rang-neubau-pflegezentrum-du-lac-in-st-moritz\/\"]}]},{\"@type\":\"ImageObject\",\"inLanguage\":\"en-US\",\"@id\":\"https:\/\/www.energiekonzepte.ch\/en\/current\/1-rang-neubau-pflegezentrum-du-lac-in-st-moritz\/#primaryimage\",\"url\":\"https:\/\/www.energiekonzepte.ch\/wp-content\/uploads\/2018\/07\/wb220_Visualisierung.jpg\",\"contentUrl\":\"https:\/\/www.energiekonzepte.ch\/wp-content\/uploads\/2018\/07\/wb220_Visualisierung.jpg\",\"width\":742,\"height\":351},{\"@type\":\"BreadcrumbList\",\"@id\":\"https:\/\/www.energiekonzepte.ch\/en\/current\/1-rang-neubau-pflegezentrum-du-lac-in-st-moritz\/#breadcrumb\",\"itemListElement\":[{\"@type\":\"ListItem\",\"position\":1,\"name\":\"Home\",\"item\":\"https:\/\/www.energiekonzepte.ch\/en\/\"},{\"@type\":\"ListItem\",\"position\":2,\"name\":\"1. Rang: Neubau Pflegezentrum Du Lac in St. Moritz\"}]},{\"@type\":\"WebSite\",\"@id\":\"https:\/\/www.energiekonzepte.ch\/#website\",\"url\":\"https:\/\/www.energiekonzepte.ch\/\",\"name\":\"Energiekonzepte\",\"description\":\"\",\"potentialAction\":[{\"@type\":\"SearchAction\",\"target\":{\"@type\":\"EntryPoint\",\"urlTemplate\":\"https:\/\/www.energiekonzepte.ch\/?s={search_term_string}\"},\"query-input\":{\"@type\":\"PropertyValueSpecification\",\"valueRequired\":true,\"valueName\":\"search_term_string\"}}],\"inLanguage\":\"en-US\"},{\"@type\":\"Person\",\"@id\":\"https:\/\/www.energiekonzepte.ch\/#\/schema\/person\/85f07537477ca9f189da9083247e8d99\",\"name\":\"admin\",\"url\":\"https:\/\/www.energiekonzepte.ch\/en\/author\/admin\/\"}]}<\/script>\n<!-- \/ Yoast SEO plugin. -->","yoast_head_json":{"title":"1. Rang: Neubau Pflegezentrum Du Lac in St. Moritz - Energiekonzepte","robots":{"index":"index","follow":"follow","max-snippet":"max-snippet:-1","max-image-preview":"max-image-preview:large","max-video-preview":"max-video-preview:-1"},"canonical":"https:\/\/www.energiekonzepte.ch\/en\/current\/1-rang-neubau-pflegezentrum-du-lac-in-st-moritz\/","og_locale":"en_US","og_type":"article","og_title":"1. Rang: Neubau Pflegezentrum Du Lac in St. Moritz - Energiekonzepte","og_description":"Wo einst eines der ersten Luxushotels der Region stand, entsteht ein sozialer Neubau, der Assoziationen an das eigene Zuhause weckt. Hier werden Menschen begleitet, die auf unterschiedlichste Art und Weise und in unterschiedlicher Intensit\u00e4t Pflege und Betreuung ben\u00f6tigen. Viel Tageslicht, grossz\u00fcgige Erschliessungsfl\u00e4chen und offene gemeinschaftlich genutzte Bereiche schaffen ein angenehmes Ambiente zum Leben und Arbeiten. [&hellip;]","og_url":"https:\/\/www.energiekonzepte.ch\/en\/current\/1-rang-neubau-pflegezentrum-du-lac-in-st-moritz\/","og_site_name":"Energiekonzepte","article_published_time":"2018-07-31T09:58:13+00:00","article_modified_time":"2018-07-31T10:24:30+00:00","author":"admin","twitter_misc":{"Written by":"admin","Est. reading time":"1 minute"},"schema":{"@context":"https:\/\/schema.org","@graph":[{"@type":"WebPage","@id":"https:\/\/www.energiekonzepte.ch\/en\/current\/1-rang-neubau-pflegezentrum-du-lac-in-st-moritz\/","url":"https:\/\/www.energiekonzepte.ch\/en\/current\/1-rang-neubau-pflegezentrum-du-lac-in-st-moritz\/","name":"1. Rang: Neubau Pflegezentrum Du Lac in St. Moritz - Energiekonzepte","isPartOf":{"@id":"https:\/\/www.energiekonzepte.ch\/#website"},"primaryImageOfPage":{"@id":"https:\/\/www.energiekonzepte.ch\/en\/current\/1-rang-neubau-pflegezentrum-du-lac-in-st-moritz\/#primaryimage"},"image":{"@id":"https:\/\/www.energiekonzepte.ch\/en\/current\/1-rang-neubau-pflegezentrum-du-lac-in-st-moritz\/#primaryimage"},"thumbnailUrl":"https:\/\/www.energiekonzepte.ch\/wp-content\/uploads\/2018\/07\/wb220_Visualisierung.jpg","datePublished":"2018-07-31T09:58:13+00:00","dateModified":"2018-07-31T10:24:30+00:00","author":{"@id":"https:\/\/www.energiekonzepte.ch\/#\/schema\/person\/85f07537477ca9f189da9083247e8d99"},"breadcrumb":{"@id":"https:\/\/www.energiekonzepte.ch\/en\/current\/1-rang-neubau-pflegezentrum-du-lac-in-st-moritz\/#breadcrumb"},"inLanguage":"en-US","potentialAction":[{"@type":"ReadAction","target":["https:\/\/www.energiekonzepte.ch\/en\/current\/1-rang-neubau-pflegezentrum-du-lac-in-st-moritz\/"]}]},{"@type":"ImageObject","inLanguage":"en-US","@id":"https:\/\/www.energiekonzepte.ch\/en\/current\/1-rang-neubau-pflegezentrum-du-lac-in-st-moritz\/#primaryimage","url":"https:\/\/www.energiekonzepte.ch\/wp-content\/uploads\/2018\/07\/wb220_Visualisierung.jpg","contentUrl":"https:\/\/www.energiekonzepte.ch\/wp-content\/uploads\/2018\/07\/wb220_Visualisierung.jpg","width":742,"height":351},{"@type":"BreadcrumbList","@id":"https:\/\/www.energiekonzepte.ch\/en\/current\/1-rang-neubau-pflegezentrum-du-lac-in-st-moritz\/#breadcrumb","itemListElement":[{"@type":"ListItem","position":1,"name":"Home","item":"https:\/\/www.energiekonzepte.ch\/en\/"},{"@type":"ListItem","position":2,"name":"1. Rang: Neubau Pflegezentrum Du Lac in St. Moritz"}]},{"@type":"WebSite","@id":"https:\/\/www.energiekonzepte.ch\/#website","url":"https:\/\/www.energiekonzepte.ch\/","name":"Energiekonzepte","description":"","potentialAction":[{"@type":"SearchAction","target":{"@type":"EntryPoint","urlTemplate":"https:\/\/www.energiekonzepte.ch\/?s={search_term_string}"},"query-input":{"@type":"PropertyValueSpecification","valueRequired":true,"valueName":"search_term_string"}}],"inLanguage":"en-US"},{"@type":"Person","@id":"https:\/\/www.energiekonzepte.ch\/#\/schema\/person\/85f07537477ca9f189da9083247e8d99","name":"admin","url":"https:\/\/www.energiekonzepte.ch\/en\/author\/admin\/"}]}},"_links":{"self":[{"href":"https:\/\/www.energiekonzepte.ch\/en\/wp-json\/wp\/v2\/posts\/5094"}],"collection":[{"href":"https:\/\/www.energiekonzepte.ch\/en\/wp-json\/wp\/v2\/posts"}],"about":[{"href":"https:\/\/www.energiekonzepte.ch\/en\/wp-json\/wp\/v2\/types\/post"}],"author":[{"embeddable":true,"href":"https:\/\/www.energiekonzepte.ch\/en\/wp-json\/wp\/v2\/users\/2"}],"replies":[{"embeddable":true,"href":"https:\/\/www.energiekonzepte.ch\/en\/wp-json\/wp\/v2\/comments?post=5094"}],"version-history":[{"count":1,"href":"https:\/\/www.energiekonzepte.ch\/en\/wp-json\/wp\/v2\/posts\/5094\/revisions"}],"predecessor-version":[{"id":5095,"href":"https:\/\/www.energiekonzepte.ch\/en\/wp-json\/wp\/v2\/posts\/5094\/revisions\/5095"}],"wp:featuredmedia":[{"embeddable":true,"href":"https:\/\/www.energiekonzepte.ch\/en\/wp-json\/wp\/v2\/media\/8452"}],"wp:attachment":[{"href":"https:\/\/www.energiekonzepte.ch\/en\/wp-json\/wp\/v2\/media?parent=5094"}],"wp:term":[{"taxonomy":"category","embeddable":true,"href":"https:\/\/www.energiekonzepte.ch\/en\/wp-json\/wp\/v2\/categories?post=5094"},{"taxonomy":"post_tag","embeddable":true,"href":"https:\/\/www.energiekonzepte.ch\/en\/wp-json\/wp\/v2\/tags?post=5094"}],"curies":[{"name":"wp","href":"https:\/\/api.w.org\/{rel}","templated":true}]}}