{"id":6221,"date":"2013-01-28T08:03:35","date_gmt":"2013-01-28T08:03:35","guid":{"rendered":"http:\/\/www.energiekonzepte.ch\/uncategorized-en\/florian-sutter\/"},"modified":"2024-05-08T08:20:48","modified_gmt":"2024-05-08T08:20:48","slug":"florian-sutter","status":"publish","type":"post","link":"https:\/\/www.energiekonzepte.ch\/en\/team-en\/florian-sutter\/","title":{"rendered":"Florian Sutter"},"content":{"rendered":"<table border=\"0\">\n<tbody>\n<tr valign=\"top\">\n<td><a href=\"https:\/\/www.energiekonzepte.ch\/wp-content\/uploads\/2013\/01\/Sutter_Florian_185x185.jpg\"><img loading=\"lazy\" decoding=\"async\" class=\"alignnone wp-image-10689 size-full\" src=\"https:\/\/www.energiekonzepte.ch\/wp-content\/uploads\/2013\/01\/Sutter_Florian_185x185.jpg\" alt=\"\" width=\"185\" height=\"185\" srcset=\"https:\/\/www.energiekonzepte.ch\/wp-content\/uploads\/2013\/01\/Sutter_Florian_185x185.jpg 185w, https:\/\/www.energiekonzepte.ch\/wp-content\/uploads\/2013\/01\/Sutter_Florian_185x185-150x150.jpg 150w\" sizes=\"(max-width: 185px) 100vw, 185px\" \/><\/a><\/td>\n<td>Teamleiter Nachhaltigkeit<br \/>\nBSc FH Umweltingenieurwesen<br \/>\nCAS Nachhaltiges Bauen<br \/>\nCAS Zirkul\u00e4res Bauen<br \/>\nTel. direkt +41 44 355 50 07<br \/>\n<a href=\"mailto:f.sutter@energiekonzepte.ch\" target=\"_blank\" rel=\"noopener\">f.sutter@energiekonzepte.ch<\/a><\/td>\n<\/tr>\n<\/tbody>\n<\/table>\n<p>Florian Sutter absolvierte sein Studium in Umweltingenieurswesen an der Z\u00fcrcher Hochschule f\u00fcr Angewandte Wissenschaften (ZHAW) und konnte dieses erfolgreich mit den Bachelor of Science abschliessen. Als Vertiefungsrichtung w\u00e4hlte er \u201eErneuerbare Energie und \u00d6kotechnologie\u201c. 2021 und 2022 bildete er sich im Bereich Nachhaltigkeit und Zertifizierungen an der Fachhochschule Nordwestschweiz weiter und konnte diese mit dem CAS Diplom Nachhaltiges Bauen erfolgreich abschliessen. Zus\u00e4tzlich hat er 2023 des CAS f\u00fcr Zirkul\u00e4res Bauen absolviert. Dem allen Voraus ging die Lehre zum Hochbauzeichner mit eidg. Berufsmaturit\u00e4t.<\/p>\n<p>Die Schwerpunkte der T\u00e4tigkeiten umfassen die Schnittstellen Architektur, Nachhaltigkeit, Gesellschaft, Raum und Energie. Seit 2020 ist er Mitarbeiter der EK Energiekonzepte AG, seit 2023 Teamleiter das Fachbereichs Nachhaltigkeit.<\/p>\n","protected":false},"excerpt":{"rendered":"<p>Teamleiter Nachhaltigkeit BSc FH Umweltingenieurwesen CAS Nachhaltiges Bauen CAS Zirkul\u00e4res Bauen Tel. direkt +41 44 355 50 07 f.sutter@energiekonzepte.ch Florian Sutter absolvierte sein Studium in Umweltingenieurswesen an der Z\u00fcrcher Hochschule f\u00fcr Angewandte Wissenschaften (ZHAW) und konnte dieses erfolgreich mit den Bachelor of Science abschliessen. Als Vertiefungsrichtung w\u00e4hlte er \u201eErneuerbare Energie und \u00d6kotechnologie\u201c. 2021 und 2022 [&hellip;]<\/p>\n","protected":false},"author":2,"featured_media":0,"comment_status":"open","ping_status":"open","sticky":false,"template":"","format":"standard","meta":{"_acf_changed":false,"footnotes":"","_links_to":"","_links_to_target":""},"categories":[121,34],"tags":[],"class_list":["post-6221","post","type-post","status-publish","format-standard","hentry","category-ek-team-en","category-team-en"],"acf":[],"yoast_head":"<!-- This site is optimized with the Yoast SEO plugin v23.7 - https:\/\/yoast.com\/wordpress\/plugins\/seo\/ -->\n<title>Florian Sutter - Energiekonzepte<\/title>\n<meta name=\"robots\" content=\"index, follow, max-snippet:-1, max-image-preview:large, max-video-preview:-1\" \/>\n<link rel=\"canonical\" href=\"https:\/\/www.energiekonzepte.ch\/en\/team-en\/florian-sutter\/\" \/>\n<meta property=\"og:locale\" content=\"en_US\" \/>\n<meta property=\"og:type\" content=\"article\" \/>\n<meta property=\"og:title\" content=\"Florian Sutter - Energiekonzepte\" \/>\n<meta property=\"og:description\" content=\"Teamleiter Nachhaltigkeit BSc FH Umweltingenieurwesen CAS Nachhaltiges Bauen CAS Zirkul\u00e4res Bauen Tel. direkt +41 44 355 50 07 f.sutter@energiekonzepte.ch Florian Sutter absolvierte sein Studium in Umweltingenieurswesen an der Z\u00fcrcher Hochschule f\u00fcr Angewandte Wissenschaften (ZHAW) und konnte dieses erfolgreich mit den Bachelor of Science abschliessen. Als Vertiefungsrichtung w\u00e4hlte er \u201eErneuerbare Energie und \u00d6kotechnologie\u201c. 2021 und 2022 [&hellip;]\" \/>\n<meta property=\"og:url\" content=\"https:\/\/www.energiekonzepte.ch\/en\/team-en\/florian-sutter\/\" \/>\n<meta property=\"og:site_name\" content=\"Energiekonzepte\" \/>\n<meta property=\"article:published_time\" content=\"2013-01-28T08:03:35+00:00\" \/>\n<meta property=\"article:modified_time\" content=\"2024-05-08T08:20:48+00:00\" \/>\n<meta property=\"og:image\" content=\"https:\/\/www.energiekonzepte.ch\/wp-content\/uploads\/2013\/01\/Sutter_Florian_185x185.jpg\" \/>\n<meta name=\"author\" content=\"admin\" \/>\n<meta name=\"twitter:label1\" content=\"Written by\" \/>\n\t<meta name=\"twitter:data1\" content=\"admin\" \/>\n\t<meta name=\"twitter:label2\" content=\"Est. reading time\" \/>\n\t<meta name=\"twitter:data2\" content=\"1 minute\" \/>\n<script type=\"application\/ld+json\" class=\"yoast-schema-graph\">{\"@context\":\"https:\/\/schema.org\",\"@graph\":[{\"@type\":\"WebPage\",\"@id\":\"https:\/\/www.energiekonzepte.ch\/en\/team-en\/florian-sutter\/\",\"url\":\"https:\/\/www.energiekonzepte.ch\/en\/team-en\/florian-sutter\/\",\"name\":\"Florian Sutter - Energiekonzepte\",\"isPartOf\":{\"@id\":\"https:\/\/www.energiekonzepte.ch\/#website\"},\"primaryImageOfPage\":{\"@id\":\"https:\/\/www.energiekonzepte.ch\/en\/team-en\/florian-sutter\/#primaryimage\"},\"image\":{\"@id\":\"https:\/\/www.energiekonzepte.ch\/en\/team-en\/florian-sutter\/#primaryimage\"},\"thumbnailUrl\":\"https:\/\/www.energiekonzepte.ch\/wp-content\/uploads\/2013\/01\/Sutter_Florian_185x185.jpg\",\"datePublished\":\"2013-01-28T08:03:35+00:00\",\"dateModified\":\"2024-05-08T08:20:48+00:00\",\"author\":{\"@id\":\"https:\/\/www.energiekonzepte.ch\/#\/schema\/person\/85f07537477ca9f189da9083247e8d99\"},\"breadcrumb\":{\"@id\":\"https:\/\/www.energiekonzepte.ch\/en\/team-en\/florian-sutter\/#breadcrumb\"},\"inLanguage\":\"en-US\",\"potentialAction\":[{\"@type\":\"ReadAction\",\"target\":[\"https:\/\/www.energiekonzepte.ch\/en\/team-en\/florian-sutter\/\"]}]},{\"@type\":\"ImageObject\",\"inLanguage\":\"en-US\",\"@id\":\"https:\/\/www.energiekonzepte.ch\/en\/team-en\/florian-sutter\/#primaryimage\",\"url\":\"https:\/\/www.energiekonzepte.ch\/wp-content\/uploads\/2013\/01\/Sutter_Florian_185x185.jpg\",\"contentUrl\":\"https:\/\/www.energiekonzepte.ch\/wp-content\/uploads\/2013\/01\/Sutter_Florian_185x185.jpg\"},{\"@type\":\"BreadcrumbList\",\"@id\":\"https:\/\/www.energiekonzepte.ch\/en\/team-en\/florian-sutter\/#breadcrumb\",\"itemListElement\":[{\"@type\":\"ListItem\",\"position\":1,\"name\":\"Home\",\"item\":\"https:\/\/www.energiekonzepte.ch\/en\/\"},{\"@type\":\"ListItem\",\"position\":2,\"name\":\"Florian Sutter\"}]},{\"@type\":\"WebSite\",\"@id\":\"https:\/\/www.energiekonzepte.ch\/#website\",\"url\":\"https:\/\/www.energiekonzepte.ch\/\",\"name\":\"Energiekonzepte\",\"description\":\"\",\"potentialAction\":[{\"@type\":\"SearchAction\",\"target\":{\"@type\":\"EntryPoint\",\"urlTemplate\":\"https:\/\/www.energiekonzepte.ch\/?s={search_term_string}\"},\"query-input\":{\"@type\":\"PropertyValueSpecification\",\"valueRequired\":true,\"valueName\":\"search_term_string\"}}],\"inLanguage\":\"en-US\"},{\"@type\":\"Person\",\"@id\":\"https:\/\/www.energiekonzepte.ch\/#\/schema\/person\/85f07537477ca9f189da9083247e8d99\",\"name\":\"admin\",\"url\":\"https:\/\/www.energiekonzepte.ch\/en\/author\/admin\/\"}]}<\/script>\n<!-- \/ Yoast SEO plugin. -->","yoast_head_json":{"title":"Florian Sutter - Energiekonzepte","robots":{"index":"index","follow":"follow","max-snippet":"max-snippet:-1","max-image-preview":"max-image-preview:large","max-video-preview":"max-video-preview:-1"},"canonical":"https:\/\/www.energiekonzepte.ch\/en\/team-en\/florian-sutter\/","og_locale":"en_US","og_type":"article","og_title":"Florian Sutter - Energiekonzepte","og_description":"Teamleiter Nachhaltigkeit BSc FH Umweltingenieurwesen CAS Nachhaltiges Bauen CAS Zirkul\u00e4res Bauen Tel. direkt +41 44 355 50 07 f.sutter@energiekonzepte.ch Florian Sutter absolvierte sein Studium in Umweltingenieurswesen an der Z\u00fcrcher Hochschule f\u00fcr Angewandte Wissenschaften (ZHAW) und konnte dieses erfolgreich mit den Bachelor of Science abschliessen. Als Vertiefungsrichtung w\u00e4hlte er \u201eErneuerbare Energie und \u00d6kotechnologie\u201c. 2021 und 2022 [&hellip;]","og_url":"https:\/\/www.energiekonzepte.ch\/en\/team-en\/florian-sutter\/","og_site_name":"Energiekonzepte","article_published_time":"2013-01-28T08:03:35+00:00","article_modified_time":"2024-05-08T08:20:48+00:00","og_image":[{"url":"https:\/\/www.energiekonzepte.ch\/wp-content\/uploads\/2013\/01\/Sutter_Florian_185x185.jpg"}],"author":"admin","twitter_misc":{"Written by":"admin","Est. reading time":"1 minute"},"schema":{"@context":"https:\/\/schema.org","@graph":[{"@type":"WebPage","@id":"https:\/\/www.energiekonzepte.ch\/en\/team-en\/florian-sutter\/","url":"https:\/\/www.energiekonzepte.ch\/en\/team-en\/florian-sutter\/","name":"Florian Sutter - Energiekonzepte","isPartOf":{"@id":"https:\/\/www.energiekonzepte.ch\/#website"},"primaryImageOfPage":{"@id":"https:\/\/www.energiekonzepte.ch\/en\/team-en\/florian-sutter\/#primaryimage"},"image":{"@id":"https:\/\/www.energiekonzepte.ch\/en\/team-en\/florian-sutter\/#primaryimage"},"thumbnailUrl":"https:\/\/www.energiekonzepte.ch\/wp-content\/uploads\/2013\/01\/Sutter_Florian_185x185.jpg","datePublished":"2013-01-28T08:03:35+00:00","dateModified":"2024-05-08T08:20:48+00:00","author":{"@id":"https:\/\/www.energiekonzepte.ch\/#\/schema\/person\/85f07537477ca9f189da9083247e8d99"},"breadcrumb":{"@id":"https:\/\/www.energiekonzepte.ch\/en\/team-en\/florian-sutter\/#breadcrumb"},"inLanguage":"en-US","potentialAction":[{"@type":"ReadAction","target":["https:\/\/www.energiekonzepte.ch\/en\/team-en\/florian-sutter\/"]}]},{"@type":"ImageObject","inLanguage":"en-US","@id":"https:\/\/www.energiekonzepte.ch\/en\/team-en\/florian-sutter\/#primaryimage","url":"https:\/\/www.energiekonzepte.ch\/wp-content\/uploads\/2013\/01\/Sutter_Florian_185x185.jpg","contentUrl":"https:\/\/www.energiekonzepte.ch\/wp-content\/uploads\/2013\/01\/Sutter_Florian_185x185.jpg"},{"@type":"BreadcrumbList","@id":"https:\/\/www.energiekonzepte.ch\/en\/team-en\/florian-sutter\/#breadcrumb","itemListElement":[{"@type":"ListItem","position":1,"name":"Home","item":"https:\/\/www.energiekonzepte.ch\/en\/"},{"@type":"ListItem","position":2,"name":"Florian Sutter"}]},{"@type":"WebSite","@id":"https:\/\/www.energiekonzepte.ch\/#website","url":"https:\/\/www.energiekonzepte.ch\/","name":"Energiekonzepte","description":"","potentialAction":[{"@type":"SearchAction","target":{"@type":"EntryPoint","urlTemplate":"https:\/\/www.energiekonzepte.ch\/?s={search_term_string}"},"query-input":{"@type":"PropertyValueSpecification","valueRequired":true,"valueName":"search_term_string"}}],"inLanguage":"en-US"},{"@type":"Person","@id":"https:\/\/www.energiekonzepte.ch\/#\/schema\/person\/85f07537477ca9f189da9083247e8d99","name":"admin","url":"https:\/\/www.energiekonzepte.ch\/en\/author\/admin\/"}]}},"_links":{"self":[{"href":"https:\/\/www.energiekonzepte.ch\/en\/wp-json\/wp\/v2\/posts\/6221"}],"collection":[{"href":"https:\/\/www.energiekonzepte.ch\/en\/wp-json\/wp\/v2\/posts"}],"about":[{"href":"https:\/\/www.energiekonzepte.ch\/en\/wp-json\/wp\/v2\/types\/post"}],"author":[{"embeddable":true,"href":"https:\/\/www.energiekonzepte.ch\/en\/wp-json\/wp\/v2\/users\/2"}],"replies":[{"embeddable":true,"href":"https:\/\/www.energiekonzepte.ch\/en\/wp-json\/wp\/v2\/comments?post=6221"}],"version-history":[{"count":17,"href":"https:\/\/www.energiekonzepte.ch\/en\/wp-json\/wp\/v2\/posts\/6221\/revisions"}],"predecessor-version":[{"id":10791,"href":"https:\/\/www.energiekonzepte.ch\/en\/wp-json\/wp\/v2\/posts\/6221\/revisions\/10791"}],"wp:attachment":[{"href":"https:\/\/www.energiekonzepte.ch\/en\/wp-json\/wp\/v2\/media?parent=6221"}],"wp:term":[{"taxonomy":"category","embeddable":true,"href":"https:\/\/www.energiekonzepte.ch\/en\/wp-json\/wp\/v2\/categories?post=6221"},{"taxonomy":"post_tag","embeddable":true,"href":"https:\/\/www.energiekonzepte.ch\/en\/wp-json\/wp\/v2\/tags?post=6221"}],"curies":[{"name":"wp","href":"https:\/\/api.w.org\/{rel}","templated":true}]}}