{"id":6311,"date":"2023-01-02T12:00:58","date_gmt":"2023-01-02T12:00:58","guid":{"rendered":"http:\/\/www.energiekonzepte.ch\/?p=6311\/"},"modified":"2023-01-10T21:45:06","modified_gmt":"2023-01-10T21:45:06","slug":"zentrale-verwaltung-seetalplatz-emmen","status":"publish","type":"post","link":"https:\/\/www.energiekonzepte.ch\/en\/project\/zentrale-verwaltung-seetalplatz-emmen\/","title":{"rendered":"Zentrale Verwaltung Seetalplatz, Emmen"},"content":{"rendered":"<p><strong>Zusammenf\u00fchrung der kantonalen Verwaltung<\/strong><br \/>\nIn Luzern Nord wird am Seetalplatz in Emmen ein zentrales kantonales Verwaltungsgeb\u00e4ude f\u00fcr rund 30 Organisationseinheiten mit rund 1&#8217;300 Mitarbeitenden geplant. Nebst den Arbeitspl\u00e4tzen f\u00fcr die kantonale Verwaltung soll das neue Verwaltungsgeb\u00e4ude Platz f\u00fcr geeignete Retail- und Drittnutzungen und die gem\u00e4ss Bebauungsplan erforderlichen Wohnfl\u00e4chen aufweisen.<\/p>\n<p>Am ehemaligen Industriestandort in unmittelbarer N\u00e4he des Bahnhofs Emmenbr\u00fccke soll ein \u00fcber den ganzen Lebenszyklus wirtschaftliches und nachhaltiges Geb\u00e4ude entstehen. Dabei werden hohe Anforderungen an die architektonische Gestaltung und betriebliche Konzeption gestellt. F\u00fcr die Vergabe der Planungs- und Realisierungsarbeiten wurde ein \u00f6ffentlicher, mehrstufiger, funktionaler Gesamtleistungswettbewerb durchgef\u00fchrt.<\/p>\n<p><strong>\u00abOpen Space Office\u00bb<\/strong><br \/>\nIm neuen Verwaltungsgeb\u00e4ude werden attraktive, zeitgem\u00e4sse und funktionale Arbeitspl\u00e4tze nach dem Modell \u00abOpen-Space-Office\u00bb geplant. Damit werden offene Raumstrukturen mit neuen Kommunikationsm\u00f6glichkeiten sowie effizienten Arbeitsabl\u00e4ufen erm\u00f6glicht. Mit dem gew\u00e4hlten B\u00fcrokonzept kann insbesondere\u00a0auch bei der heute geforderten Raumflexibilit\u00e4t der bestm\u00f6gliche Nutzen erzielt werden.<\/p>\n<p><strong>SNBS Standard Nachhaltiges Bauen Schweiz<\/strong><br \/>\nDas neue Verwaltungsgeb\u00e4ude soll nach Minergie-P-Eco und nach den Anforderungen des SNBS (Zusatz Gold) entwickelt, realisiert und zertifiziert werden.<\/p>\n<p>Ziel des SNBS ist es, die drei Dimensionen Gesellschaft, Wirtschaft und Umwelt gleichermassen und m\u00f6glichst umfassend in Planung, Bau und Betrieb eines Geb\u00e4udes miteinzubeziehen und den gesamten Lebenszyklus der Immobilie phasengerecht zu ber\u00fccksichtigen.<\/p>\n<p><strong>Zweistufiger Gesamtleistungswettbewerb<\/strong><br \/>\nDie Anforderungen an die Ausschreibung des Gesamtleistungswettbewerbs waren hoch. EK Energiekonzepte beriet die Bauherrschaft bei der Projektentwicklung und koordinierte w\u00e4hrend des Wettbewerbverfahrens die Fachexpertisen nachhaltiges Bauen, Geb\u00e4udetechnik, Elektro, Geb\u00e4udeautomation und Brandschutz.<\/p>\n","protected":false},"excerpt":{"rendered":"<p>Zusammenf\u00fchrung der kantonalen Verwaltung In Luzern Nord wird am Seetalplatz in Emmen ein zentrales kantonales Verwaltungsgeb\u00e4ude f\u00fcr rund 30 Organisationseinheiten mit rund 1&#8217;300 Mitarbeitenden geplant. Nebst den Arbeitspl\u00e4tzen f\u00fcr die kantonale Verwaltung soll das neue Verwaltungsgeb\u00e4ude Platz f\u00fcr geeignete Retail- und Drittnutzungen und die gem\u00e4ss Bebauungsplan erforderlichen Wohnfl\u00e4chen aufweisen. Am ehemaligen Industriestandort in unmittelbarer N\u00e4he [&hellip;]<\/p>\n","protected":false},"author":2,"featured_media":0,"comment_status":"open","ping_status":"open","sticky":false,"template":"","format":"standard","meta":{"_acf_changed":false,"footnotes":"","_links_to":"","_links_to_target":""},"categories":[35],"tags":[129,130,123],"class_list":["post-6311","post","type-post","status-publish","format-standard","hentry","category-project","tag-bueroverwaltung","tag-sportanlagenhallenbaeder","tag-wettbewerb"],"acf":[],"yoast_head":"<!-- This site is optimized with the Yoast SEO plugin v23.7 - https:\/\/yoast.com\/wordpress\/plugins\/seo\/ -->\n<title>Zentrale Verwaltung Seetalplatz, Emmen - Energiekonzepte<\/title>\n<meta name=\"robots\" content=\"index, follow, max-snippet:-1, max-image-preview:large, max-video-preview:-1\" \/>\n<link rel=\"canonical\" href=\"https:\/\/www.energiekonzepte.ch\/en\/project\/zentrale-verwaltung-seetalplatz-emmen\/\" \/>\n<meta property=\"og:locale\" content=\"en_US\" \/>\n<meta property=\"og:type\" content=\"article\" \/>\n<meta property=\"og:title\" content=\"Zentrale Verwaltung Seetalplatz, Emmen - Energiekonzepte\" \/>\n<meta property=\"og:description\" content=\"Zusammenf\u00fchrung der kantonalen Verwaltung In Luzern Nord wird am Seetalplatz in Emmen ein zentrales kantonales Verwaltungsgeb\u00e4ude f\u00fcr rund 30 Organisationseinheiten mit rund 1&#8217;300 Mitarbeitenden geplant. Nebst den Arbeitspl\u00e4tzen f\u00fcr die kantonale Verwaltung soll das neue Verwaltungsgeb\u00e4ude Platz f\u00fcr geeignete Retail- und Drittnutzungen und die gem\u00e4ss Bebauungsplan erforderlichen Wohnfl\u00e4chen aufweisen. Am ehemaligen Industriestandort in unmittelbarer N\u00e4he [&hellip;]\" \/>\n<meta property=\"og:url\" content=\"https:\/\/www.energiekonzepte.ch\/en\/project\/zentrale-verwaltung-seetalplatz-emmen\/\" \/>\n<meta property=\"og:site_name\" content=\"Energiekonzepte\" \/>\n<meta property=\"article:published_time\" content=\"2023-01-02T12:00:58+00:00\" \/>\n<meta property=\"article:modified_time\" content=\"2023-01-10T21:45:06+00:00\" \/>\n<meta name=\"author\" content=\"admin\" \/>\n<meta name=\"twitter:label1\" content=\"Written by\" \/>\n\t<meta name=\"twitter:data1\" content=\"admin\" \/>\n\t<meta name=\"twitter:label2\" content=\"Est. reading time\" \/>\n\t<meta name=\"twitter:data2\" content=\"1 minute\" \/>\n<script type=\"application\/ld+json\" class=\"yoast-schema-graph\">{\"@context\":\"https:\/\/schema.org\",\"@graph\":[{\"@type\":\"WebPage\",\"@id\":\"https:\/\/www.energiekonzepte.ch\/en\/project\/zentrale-verwaltung-seetalplatz-emmen\/\",\"url\":\"https:\/\/www.energiekonzepte.ch\/en\/project\/zentrale-verwaltung-seetalplatz-emmen\/\",\"name\":\"Zentrale Verwaltung Seetalplatz, Emmen - Energiekonzepte\",\"isPartOf\":{\"@id\":\"https:\/\/www.energiekonzepte.ch\/#website\"},\"datePublished\":\"2023-01-02T12:00:58+00:00\",\"dateModified\":\"2023-01-10T21:45:06+00:00\",\"author\":{\"@id\":\"https:\/\/www.energiekonzepte.ch\/#\/schema\/person\/85f07537477ca9f189da9083247e8d99\"},\"breadcrumb\":{\"@id\":\"https:\/\/www.energiekonzepte.ch\/en\/project\/zentrale-verwaltung-seetalplatz-emmen\/#breadcrumb\"},\"inLanguage\":\"en-US\",\"potentialAction\":[{\"@type\":\"ReadAction\",\"target\":[\"https:\/\/www.energiekonzepte.ch\/en\/project\/zentrale-verwaltung-seetalplatz-emmen\/\"]}]},{\"@type\":\"BreadcrumbList\",\"@id\":\"https:\/\/www.energiekonzepte.ch\/en\/project\/zentrale-verwaltung-seetalplatz-emmen\/#breadcrumb\",\"itemListElement\":[{\"@type\":\"ListItem\",\"position\":1,\"name\":\"Home\",\"item\":\"https:\/\/www.energiekonzepte.ch\/en\/\"},{\"@type\":\"ListItem\",\"position\":2,\"name\":\"Zentrale Verwaltung Seetalplatz, Emmen\"}]},{\"@type\":\"WebSite\",\"@id\":\"https:\/\/www.energiekonzepte.ch\/#website\",\"url\":\"https:\/\/www.energiekonzepte.ch\/\",\"name\":\"Energiekonzepte\",\"description\":\"\",\"potentialAction\":[{\"@type\":\"SearchAction\",\"target\":{\"@type\":\"EntryPoint\",\"urlTemplate\":\"https:\/\/www.energiekonzepte.ch\/?s={search_term_string}\"},\"query-input\":{\"@type\":\"PropertyValueSpecification\",\"valueRequired\":true,\"valueName\":\"search_term_string\"}}],\"inLanguage\":\"en-US\"},{\"@type\":\"Person\",\"@id\":\"https:\/\/www.energiekonzepte.ch\/#\/schema\/person\/85f07537477ca9f189da9083247e8d99\",\"name\":\"admin\",\"url\":\"https:\/\/www.energiekonzepte.ch\/en\/author\/admin\/\"}]}<\/script>\n<!-- \/ Yoast SEO plugin. -->","yoast_head_json":{"title":"Zentrale Verwaltung Seetalplatz, Emmen - Energiekonzepte","robots":{"index":"index","follow":"follow","max-snippet":"max-snippet:-1","max-image-preview":"max-image-preview:large","max-video-preview":"max-video-preview:-1"},"canonical":"https:\/\/www.energiekonzepte.ch\/en\/project\/zentrale-verwaltung-seetalplatz-emmen\/","og_locale":"en_US","og_type":"article","og_title":"Zentrale Verwaltung Seetalplatz, Emmen - Energiekonzepte","og_description":"Zusammenf\u00fchrung der kantonalen Verwaltung In Luzern Nord wird am Seetalplatz in Emmen ein zentrales kantonales Verwaltungsgeb\u00e4ude f\u00fcr rund 30 Organisationseinheiten mit rund 1&#8217;300 Mitarbeitenden geplant. Nebst den Arbeitspl\u00e4tzen f\u00fcr die kantonale Verwaltung soll das neue Verwaltungsgeb\u00e4ude Platz f\u00fcr geeignete Retail- und Drittnutzungen und die gem\u00e4ss Bebauungsplan erforderlichen Wohnfl\u00e4chen aufweisen. Am ehemaligen Industriestandort in unmittelbarer N\u00e4he [&hellip;]","og_url":"https:\/\/www.energiekonzepte.ch\/en\/project\/zentrale-verwaltung-seetalplatz-emmen\/","og_site_name":"Energiekonzepte","article_published_time":"2023-01-02T12:00:58+00:00","article_modified_time":"2023-01-10T21:45:06+00:00","author":"admin","twitter_misc":{"Written by":"admin","Est. reading time":"1 minute"},"schema":{"@context":"https:\/\/schema.org","@graph":[{"@type":"WebPage","@id":"https:\/\/www.energiekonzepte.ch\/en\/project\/zentrale-verwaltung-seetalplatz-emmen\/","url":"https:\/\/www.energiekonzepte.ch\/en\/project\/zentrale-verwaltung-seetalplatz-emmen\/","name":"Zentrale Verwaltung Seetalplatz, Emmen - Energiekonzepte","isPartOf":{"@id":"https:\/\/www.energiekonzepte.ch\/#website"},"datePublished":"2023-01-02T12:00:58+00:00","dateModified":"2023-01-10T21:45:06+00:00","author":{"@id":"https:\/\/www.energiekonzepte.ch\/#\/schema\/person\/85f07537477ca9f189da9083247e8d99"},"breadcrumb":{"@id":"https:\/\/www.energiekonzepte.ch\/en\/project\/zentrale-verwaltung-seetalplatz-emmen\/#breadcrumb"},"inLanguage":"en-US","potentialAction":[{"@type":"ReadAction","target":["https:\/\/www.energiekonzepte.ch\/en\/project\/zentrale-verwaltung-seetalplatz-emmen\/"]}]},{"@type":"BreadcrumbList","@id":"https:\/\/www.energiekonzepte.ch\/en\/project\/zentrale-verwaltung-seetalplatz-emmen\/#breadcrumb","itemListElement":[{"@type":"ListItem","position":1,"name":"Home","item":"https:\/\/www.energiekonzepte.ch\/en\/"},{"@type":"ListItem","position":2,"name":"Zentrale Verwaltung Seetalplatz, Emmen"}]},{"@type":"WebSite","@id":"https:\/\/www.energiekonzepte.ch\/#website","url":"https:\/\/www.energiekonzepte.ch\/","name":"Energiekonzepte","description":"","potentialAction":[{"@type":"SearchAction","target":{"@type":"EntryPoint","urlTemplate":"https:\/\/www.energiekonzepte.ch\/?s={search_term_string}"},"query-input":{"@type":"PropertyValueSpecification","valueRequired":true,"valueName":"search_term_string"}}],"inLanguage":"en-US"},{"@type":"Person","@id":"https:\/\/www.energiekonzepte.ch\/#\/schema\/person\/85f07537477ca9f189da9083247e8d99","name":"admin","url":"https:\/\/www.energiekonzepte.ch\/en\/author\/admin\/"}]}},"_links":{"self":[{"href":"https:\/\/www.energiekonzepte.ch\/en\/wp-json\/wp\/v2\/posts\/6311"}],"collection":[{"href":"https:\/\/www.energiekonzepte.ch\/en\/wp-json\/wp\/v2\/posts"}],"about":[{"href":"https:\/\/www.energiekonzepte.ch\/en\/wp-json\/wp\/v2\/types\/post"}],"author":[{"embeddable":true,"href":"https:\/\/www.energiekonzepte.ch\/en\/wp-json\/wp\/v2\/users\/2"}],"replies":[{"embeddable":true,"href":"https:\/\/www.energiekonzepte.ch\/en\/wp-json\/wp\/v2\/comments?post=6311"}],"version-history":[{"count":1,"href":"https:\/\/www.energiekonzepte.ch\/en\/wp-json\/wp\/v2\/posts\/6311\/revisions"}],"predecessor-version":[{"id":6314,"href":"https:\/\/www.energiekonzepte.ch\/en\/wp-json\/wp\/v2\/posts\/6311\/revisions\/6314"}],"wp:attachment":[{"href":"https:\/\/www.energiekonzepte.ch\/en\/wp-json\/wp\/v2\/media?parent=6311"}],"wp:term":[{"taxonomy":"category","embeddable":true,"href":"https:\/\/www.energiekonzepte.ch\/en\/wp-json\/wp\/v2\/categories?post=6311"},{"taxonomy":"post_tag","embeddable":true,"href":"https:\/\/www.energiekonzepte.ch\/en\/wp-json\/wp\/v2\/tags?post=6311"}],"curies":[{"name":"wp","href":"https:\/\/api.w.org\/{rel}","templated":true}]}}