{"id":6720,"date":"2023-01-03T12:00:38","date_gmt":"2023-01-03T12:00:38","guid":{"rendered":"https:\/\/www.energiekonzepte.ch\/?p=6720\/"},"modified":"2023-01-30T17:05:26","modified_gmt":"2023-01-30T17:05:26","slug":"studie-sommerlicher-waermeschutz-in-alterszentren","status":"publish","type":"post","link":"https:\/\/www.energiekonzepte.ch\/en\/project\/studie-sommerlicher-waermeschutz-in-alterszentren\/","title":{"rendered":"Studie sommerlicher W\u00e4rmeschutz in Alterszentren, Stadt Z\u00fcrich"},"content":{"rendered":"<p><strong>Ausgangslage<\/strong><br \/>\nDer sommerliche W\u00e4rmeschutz in Alterszentren ist seit l\u00e4ngerem Gegenstand von Diskussionen. Vor dem Hintergrund erh\u00f6hter Sterblichkeit Hochaltriger in Hitzeperioden befassen sich verschiedene Arbeitsgruppen der Stadtverwaltung mit dem Thema. Mit der vorliegenden Studie wurden objektive Grundlagen geschaffen, auf denen k\u00fcnftige Standards und Richtlinien f\u00fcr den Neubau und die Sanierung von Alterszentren aufbauen k\u00f6nnen.<br \/>\nBis anhin stand bei der Auslegung von Geb\u00e4uden (Volumetrie, Geb\u00e4udeh\u00fclle, Technik) der winterliche W\u00e4rmeschutz im Vordergrund. Mit zunehmenden Temperaturen und vermehrt auftretenden Hitzetagen im Sommer kommt dem Thema des sommerlichen W\u00e4rmeschutzes k\u00fcnftig generell eine h\u00f6here Bedeutung zu. Insbesondere bei R\u00e4umen mit hohen internen Lasten wird die optimierte Planung gegen die sommerliche \u00dcberhitzung der R\u00e4ume k\u00fcnftig unter Umst\u00e4nden wichtiger als der winterliche Schutz vor tiefen Aussentemperaturen. Da \u00e4ltere Menschen generell \u00fcber eine schlechtere W\u00e4rmeregulation verf\u00fcgen, ist der Thematik bei der Planung von Alterszentren und anderen Bauten f\u00fcr eine hochaltrige Bev\u00f6lkerung besondere Aufmerksamkeit zu schenken.<\/p>\n<p><strong>Studie<\/strong><br \/>\nMit der Studie \u00abSommerlicher W\u00e4rmeschutz in Alterszentren\u00bb wurden verschiedene Fragestellungen systematisch untersucht. Die Studie soll die am Bau und Betrieb von Alterszentren Beteiligten f\u00fcr die Thematik sensibilisieren und dient als Orientierungshilfe.<\/p>\n<p><strong>Unterschiedliche Blickwinkel<\/strong><br \/>\nIn der Studie wurden sehr unterschiedliche Untersuchungsmethoden miteinander kombiniert. Das Ziel war, den sommerlichen W\u00e4rmeschutz aus verschiedenen Blickwinkeln zu betrachten und daraus Erkenntnisse auf unterschiedlichen Ebenen abzuleiten. Aus einer Evaluation von ausgew\u00e4hlten Fallbeispielen aus dem Schweizer Mittelland wurden Szenarien und Strategien f\u00fcr die anschliessenden Simulationen gebildet. Gespr\u00e4chsrunden in verschiedenen Alterszentren der Stadt Z\u00fcrich erg\u00e4nzten die Berechnungen. Nicht alle Fragestellungen konnten dabei detailliert untersucht werden.<br \/>\nEin zentraler Bestandteil der Studie war anhand von Simulationen zu untersuchen, mit welchen Massnahmen oder Massnahmenpaketen der sommerliche W\u00e4rmeschutz in Alterszentren gew\u00e4hrleistet werden kann.<\/p>\n","protected":false},"excerpt":{"rendered":"<p>Ausgangslage Der sommerliche W\u00e4rmeschutz in Alterszentren ist seit l\u00e4ngerem Gegenstand von Diskussionen. Vor dem Hintergrund erh\u00f6hter Sterblichkeit Hochaltriger in Hitzeperioden befassen sich verschiedene Arbeitsgruppen der Stadtverwaltung mit dem Thema. Mit der vorliegenden Studie wurden objektive Grundlagen geschaffen, auf denen k\u00fcnftige Standards und Richtlinien f\u00fcr den Neubau und die Sanierung von Alterszentren aufbauen k\u00f6nnen. Bis anhin [&hellip;]<\/p>\n","protected":false},"author":2,"featured_media":0,"comment_status":"open","ping_status":"open","sticky":true,"template":"","format":"standard","meta":{"_acf_changed":false,"footnotes":"","_links_to":"","_links_to_target":""},"categories":[35],"tags":[36,139],"class_list":["post-6720","post","type-post","status-publish","format-standard","hentry","category-project","tag-alterswohnenpflegeheim","tag-energiekonzepte-en"],"acf":[],"yoast_head":"<!-- This site is optimized with the Yoast SEO plugin v23.7 - https:\/\/yoast.com\/wordpress\/plugins\/seo\/ -->\n<title>Studie sommerlicher W\u00e4rmeschutz in Alterszentren, Stadt Z\u00fcrich - Energiekonzepte<\/title>\n<meta name=\"robots\" content=\"index, follow, max-snippet:-1, max-image-preview:large, max-video-preview:-1\" \/>\n<link rel=\"canonical\" href=\"https:\/\/www.energiekonzepte.ch\/en\/project\/studie-sommerlicher-waermeschutz-in-alterszentren\/\" \/>\n<meta property=\"og:locale\" content=\"en_US\" \/>\n<meta property=\"og:type\" content=\"article\" \/>\n<meta property=\"og:title\" content=\"Studie sommerlicher W\u00e4rmeschutz in Alterszentren, Stadt Z\u00fcrich - Energiekonzepte\" \/>\n<meta property=\"og:description\" content=\"Ausgangslage Der sommerliche W\u00e4rmeschutz in Alterszentren ist seit l\u00e4ngerem Gegenstand von Diskussionen. Vor dem Hintergrund erh\u00f6hter Sterblichkeit Hochaltriger in Hitzeperioden befassen sich verschiedene Arbeitsgruppen der Stadtverwaltung mit dem Thema. Mit der vorliegenden Studie wurden objektive Grundlagen geschaffen, auf denen k\u00fcnftige Standards und Richtlinien f\u00fcr den Neubau und die Sanierung von Alterszentren aufbauen k\u00f6nnen. Bis anhin [&hellip;]\" \/>\n<meta property=\"og:url\" content=\"https:\/\/www.energiekonzepte.ch\/en\/project\/studie-sommerlicher-waermeschutz-in-alterszentren\/\" \/>\n<meta property=\"og:site_name\" content=\"Energiekonzepte\" \/>\n<meta property=\"article:published_time\" content=\"2023-01-03T12:00:38+00:00\" \/>\n<meta property=\"article:modified_time\" content=\"2023-01-30T17:05:26+00:00\" \/>\n<meta name=\"author\" content=\"admin\" \/>\n<meta name=\"twitter:label1\" content=\"Written by\" \/>\n\t<meta name=\"twitter:data1\" content=\"admin\" \/>\n\t<meta name=\"twitter:label2\" content=\"Est. reading time\" \/>\n\t<meta name=\"twitter:data2\" content=\"1 minute\" \/>\n<script type=\"application\/ld+json\" class=\"yoast-schema-graph\">{\"@context\":\"https:\/\/schema.org\",\"@graph\":[{\"@type\":\"WebPage\",\"@id\":\"https:\/\/www.energiekonzepte.ch\/en\/project\/studie-sommerlicher-waermeschutz-in-alterszentren\/\",\"url\":\"https:\/\/www.energiekonzepte.ch\/en\/project\/studie-sommerlicher-waermeschutz-in-alterszentren\/\",\"name\":\"Studie sommerlicher W\u00e4rmeschutz in Alterszentren, Stadt Z\u00fcrich - Energiekonzepte\",\"isPartOf\":{\"@id\":\"https:\/\/www.energiekonzepte.ch\/#website\"},\"datePublished\":\"2023-01-03T12:00:38+00:00\",\"dateModified\":\"2023-01-30T17:05:26+00:00\",\"author\":{\"@id\":\"https:\/\/www.energiekonzepte.ch\/#\/schema\/person\/85f07537477ca9f189da9083247e8d99\"},\"breadcrumb\":{\"@id\":\"https:\/\/www.energiekonzepte.ch\/en\/project\/studie-sommerlicher-waermeschutz-in-alterszentren\/#breadcrumb\"},\"inLanguage\":\"en-US\",\"potentialAction\":[{\"@type\":\"ReadAction\",\"target\":[\"https:\/\/www.energiekonzepte.ch\/en\/project\/studie-sommerlicher-waermeschutz-in-alterszentren\/\"]}]},{\"@type\":\"BreadcrumbList\",\"@id\":\"https:\/\/www.energiekonzepte.ch\/en\/project\/studie-sommerlicher-waermeschutz-in-alterszentren\/#breadcrumb\",\"itemListElement\":[{\"@type\":\"ListItem\",\"position\":1,\"name\":\"Home\",\"item\":\"https:\/\/www.energiekonzepte.ch\/en\/\"},{\"@type\":\"ListItem\",\"position\":2,\"name\":\"Studie sommerlicher W\u00e4rmeschutz in Alterszentren, Stadt Z\u00fcrich\"}]},{\"@type\":\"WebSite\",\"@id\":\"https:\/\/www.energiekonzepte.ch\/#website\",\"url\":\"https:\/\/www.energiekonzepte.ch\/\",\"name\":\"Energiekonzepte\",\"description\":\"\",\"potentialAction\":[{\"@type\":\"SearchAction\",\"target\":{\"@type\":\"EntryPoint\",\"urlTemplate\":\"https:\/\/www.energiekonzepte.ch\/?s={search_term_string}\"},\"query-input\":{\"@type\":\"PropertyValueSpecification\",\"valueRequired\":true,\"valueName\":\"search_term_string\"}}],\"inLanguage\":\"en-US\"},{\"@type\":\"Person\",\"@id\":\"https:\/\/www.energiekonzepte.ch\/#\/schema\/person\/85f07537477ca9f189da9083247e8d99\",\"name\":\"admin\",\"url\":\"https:\/\/www.energiekonzepte.ch\/en\/author\/admin\/\"}]}<\/script>\n<!-- \/ Yoast SEO plugin. -->","yoast_head_json":{"title":"Studie sommerlicher W\u00e4rmeschutz in Alterszentren, Stadt Z\u00fcrich - Energiekonzepte","robots":{"index":"index","follow":"follow","max-snippet":"max-snippet:-1","max-image-preview":"max-image-preview:large","max-video-preview":"max-video-preview:-1"},"canonical":"https:\/\/www.energiekonzepte.ch\/en\/project\/studie-sommerlicher-waermeschutz-in-alterszentren\/","og_locale":"en_US","og_type":"article","og_title":"Studie sommerlicher W\u00e4rmeschutz in Alterszentren, Stadt Z\u00fcrich - Energiekonzepte","og_description":"Ausgangslage Der sommerliche W\u00e4rmeschutz in Alterszentren ist seit l\u00e4ngerem Gegenstand von Diskussionen. Vor dem Hintergrund erh\u00f6hter Sterblichkeit Hochaltriger in Hitzeperioden befassen sich verschiedene Arbeitsgruppen der Stadtverwaltung mit dem Thema. Mit der vorliegenden Studie wurden objektive Grundlagen geschaffen, auf denen k\u00fcnftige Standards und Richtlinien f\u00fcr den Neubau und die Sanierung von Alterszentren aufbauen k\u00f6nnen. Bis anhin [&hellip;]","og_url":"https:\/\/www.energiekonzepte.ch\/en\/project\/studie-sommerlicher-waermeschutz-in-alterszentren\/","og_site_name":"Energiekonzepte","article_published_time":"2023-01-03T12:00:38+00:00","article_modified_time":"2023-01-30T17:05:26+00:00","author":"admin","twitter_misc":{"Written by":"admin","Est. reading time":"1 minute"},"schema":{"@context":"https:\/\/schema.org","@graph":[{"@type":"WebPage","@id":"https:\/\/www.energiekonzepte.ch\/en\/project\/studie-sommerlicher-waermeschutz-in-alterszentren\/","url":"https:\/\/www.energiekonzepte.ch\/en\/project\/studie-sommerlicher-waermeschutz-in-alterszentren\/","name":"Studie sommerlicher W\u00e4rmeschutz in Alterszentren, Stadt Z\u00fcrich - Energiekonzepte","isPartOf":{"@id":"https:\/\/www.energiekonzepte.ch\/#website"},"datePublished":"2023-01-03T12:00:38+00:00","dateModified":"2023-01-30T17:05:26+00:00","author":{"@id":"https:\/\/www.energiekonzepte.ch\/#\/schema\/person\/85f07537477ca9f189da9083247e8d99"},"breadcrumb":{"@id":"https:\/\/www.energiekonzepte.ch\/en\/project\/studie-sommerlicher-waermeschutz-in-alterszentren\/#breadcrumb"},"inLanguage":"en-US","potentialAction":[{"@type":"ReadAction","target":["https:\/\/www.energiekonzepte.ch\/en\/project\/studie-sommerlicher-waermeschutz-in-alterszentren\/"]}]},{"@type":"BreadcrumbList","@id":"https:\/\/www.energiekonzepte.ch\/en\/project\/studie-sommerlicher-waermeschutz-in-alterszentren\/#breadcrumb","itemListElement":[{"@type":"ListItem","position":1,"name":"Home","item":"https:\/\/www.energiekonzepte.ch\/en\/"},{"@type":"ListItem","position":2,"name":"Studie sommerlicher W\u00e4rmeschutz in Alterszentren, Stadt Z\u00fcrich"}]},{"@type":"WebSite","@id":"https:\/\/www.energiekonzepte.ch\/#website","url":"https:\/\/www.energiekonzepte.ch\/","name":"Energiekonzepte","description":"","potentialAction":[{"@type":"SearchAction","target":{"@type":"EntryPoint","urlTemplate":"https:\/\/www.energiekonzepte.ch\/?s={search_term_string}"},"query-input":{"@type":"PropertyValueSpecification","valueRequired":true,"valueName":"search_term_string"}}],"inLanguage":"en-US"},{"@type":"Person","@id":"https:\/\/www.energiekonzepte.ch\/#\/schema\/person\/85f07537477ca9f189da9083247e8d99","name":"admin","url":"https:\/\/www.energiekonzepte.ch\/en\/author\/admin\/"}]}},"_links":{"self":[{"href":"https:\/\/www.energiekonzepte.ch\/en\/wp-json\/wp\/v2\/posts\/6720"}],"collection":[{"href":"https:\/\/www.energiekonzepte.ch\/en\/wp-json\/wp\/v2\/posts"}],"about":[{"href":"https:\/\/www.energiekonzepte.ch\/en\/wp-json\/wp\/v2\/types\/post"}],"author":[{"embeddable":true,"href":"https:\/\/www.energiekonzepte.ch\/en\/wp-json\/wp\/v2\/users\/2"}],"replies":[{"embeddable":true,"href":"https:\/\/www.energiekonzepte.ch\/en\/wp-json\/wp\/v2\/comments?post=6720"}],"version-history":[{"count":7,"href":"https:\/\/www.energiekonzepte.ch\/en\/wp-json\/wp\/v2\/posts\/6720\/revisions"}],"predecessor-version":[{"id":9201,"href":"https:\/\/www.energiekonzepte.ch\/en\/wp-json\/wp\/v2\/posts\/6720\/revisions\/9201"}],"wp:attachment":[{"href":"https:\/\/www.energiekonzepte.ch\/en\/wp-json\/wp\/v2\/media?parent=6720"}],"wp:term":[{"taxonomy":"category","embeddable":true,"href":"https:\/\/www.energiekonzepte.ch\/en\/wp-json\/wp\/v2\/categories?post=6720"},{"taxonomy":"post_tag","embeddable":true,"href":"https:\/\/www.energiekonzepte.ch\/en\/wp-json\/wp\/v2\/tags?post=6720"}],"curies":[{"name":"wp","href":"https:\/\/api.w.org\/{rel}","templated":true}]}}