{"id":9145,"date":"2023-01-10T18:59:14","date_gmt":"2023-01-10T18:59:14","guid":{"rendered":"https:\/\/www.energiekonzepte.ch\/?p=9145"},"modified":"2023-04-12T16:39:09","modified_gmt":"2023-04-12T16:39:09","slug":"wohn-und-gewerbehaus-hallenstrasse-zuerich","status":"publish","type":"post","link":"https:\/\/www.energiekonzepte.ch\/en\/project\/wohn-und-gewerbehaus-hallenstrasse-zuerich\/","title":{"rendered":"Wohn- und Gewerbehaus Hallenstrasse, Z\u00fcrich"},"content":{"rendered":"\n<p><strong>Wohnungsmix<br \/><\/strong>Wo einst ein wenig gef\u00e4lliges Parkhaus stand, wurde im Z\u00fcrcher Seefeld-Quartier ein Ersatzneubau mit 15 Wohnungen und 280 m<sup>2<\/sup> Gewerbefl\u00e4che nach Minergie-Standard errichtet. Der moderne Wohnungsmix reicht von Micro-Appartements bis zu 4,5-Zimmer-Wohnungen mit viel Tageslicht und privaten Aussenr\u00e4umen. Im Hinterhof wurde zudem ein kleiner Gr\u00fcnraum geschaffen.<\/p>\n<p><strong>Einsparung von CO2, grauer Energie und Kosten<br \/><\/strong>Besonders herausfordernd waren die engen Bauplatzverh\u00e4ltnisse und die Grundwassersituation durch die N\u00e4he zum See. Daher wurde das bestehende Untergeschoss des Parkhauses erhalten und das neue Geb\u00e4ude in Holzbauweise auf dem Bestand errichtet. Durch diese Massnahme, die einen leicht erh\u00f6hten Planungsaufwand erforderte, konnte ein erhebliches Mass an CO2, Grauer Energie und Kosten eingespart werden.<\/p>\n<p><strong>Minergie-Label<br \/><\/strong>Das nach Minergie-Standard zertifizierte Geb\u00e4ude verf\u00fcgt \u00fcber eine sehr gut ged\u00e4mmte Geb\u00e4udeh\u00fclle, einen kontrollierten Luftwechsel und eine hocheffiziente Energieversorgung. Geringer Energiebedarf wird kombiniert mit einer maximalen Nutzung von erneuerbarer Energie.<\/p>\n<p><strong>Seewasserw\u00e4rmepumpe und Eigenstrom<br \/><\/strong>Der W\u00e4rmebedarf wird durch eine W\u00e4rmepumpe gedeckt, die das nahe Seewasser nutzt \u2013 was einen wesentlich effizienteren Betrieb erm\u00f6glicht verglichen zur klassischen Aussenluftnutzung.<br \/>F\u00fcr die Eigenstromerzeugung wurde eine PV-Anlage mit einer Leistung von 20.25 kWp installiert.<\/p>\n<p><strong>Schallschutz<br \/><\/strong>Das Geb\u00e4ude befindet sich in einer ruhigen Nebengasse mit wenig Aussenl\u00e4rm. Besonderer Wert wurde auf einen guten Schallschutz zwischen den Wohneinheiten gelegt.<br \/>Bei der Ausstattung der Innenr\u00e4ume wurde ausserdem auf hochwertige und langlebige Materialien gesetzt, um Komfort, Wohlbefinden aber auch Werterhalt zu steigern.<\/p>\n","protected":false},"excerpt":{"rendered":"<p>WohnungsmixWo einst ein wenig gef\u00e4lliges Parkhaus stand, wurde im Z\u00fcrcher Seefeld-Quartier ein Ersatzneubau mit 15 Wohnungen und 280 m2 Gewerbefl\u00e4che nach Minergie-Standard errichtet. Der moderne Wohnungsmix reicht von Micro-Appartements bis zu 4,5-Zimmer-Wohnungen mit viel Tageslicht und privaten Aussenr\u00e4umen. Im Hinterhof wurde zudem ein kleiner Gr\u00fcnraum geschaffen. Einsparung von CO2, grauer Energie und KostenBesonders herausfordernd waren [&hellip;]<\/p>\n","protected":false},"author":2,"featured_media":0,"comment_status":"open","ping_status":"open","sticky":false,"template":"","format":"standard","meta":{"_acf_changed":false,"footnotes":"","_links_to":"","_links_to_target":""},"categories":[214,35],"tags":[129],"class_list":["post-9145","post","type-post","status-publish","format-standard","hentry","category-bp154-en","category-project","tag-bueroverwaltung"],"acf":[],"yoast_head":"<!-- This site is optimized with the Yoast SEO plugin v23.7 - https:\/\/yoast.com\/wordpress\/plugins\/seo\/ -->\n<title>Wohn- und Gewerbehaus Hallenstrasse, Z\u00fcrich - Energiekonzepte<\/title>\n<meta name=\"robots\" content=\"index, follow, max-snippet:-1, max-image-preview:large, max-video-preview:-1\" \/>\n<link rel=\"canonical\" href=\"https:\/\/www.energiekonzepte.ch\/en\/project\/wohn-und-gewerbehaus-hallenstrasse-zuerich\/\" \/>\n<meta property=\"og:locale\" content=\"en_US\" \/>\n<meta property=\"og:type\" content=\"article\" \/>\n<meta property=\"og:title\" content=\"Wohn- und Gewerbehaus Hallenstrasse, Z\u00fcrich - Energiekonzepte\" \/>\n<meta property=\"og:description\" content=\"WohnungsmixWo einst ein wenig gef\u00e4lliges Parkhaus stand, wurde im Z\u00fcrcher Seefeld-Quartier ein Ersatzneubau mit 15 Wohnungen und 280 m2 Gewerbefl\u00e4che nach Minergie-Standard errichtet. Der moderne Wohnungsmix reicht von Micro-Appartements bis zu 4,5-Zimmer-Wohnungen mit viel Tageslicht und privaten Aussenr\u00e4umen. Im Hinterhof wurde zudem ein kleiner Gr\u00fcnraum geschaffen. Einsparung von CO2, grauer Energie und KostenBesonders herausfordernd waren [&hellip;]\" \/>\n<meta property=\"og:url\" content=\"https:\/\/www.energiekonzepte.ch\/en\/project\/wohn-und-gewerbehaus-hallenstrasse-zuerich\/\" \/>\n<meta property=\"og:site_name\" content=\"Energiekonzepte\" \/>\n<meta property=\"article:published_time\" content=\"2023-01-10T18:59:14+00:00\" \/>\n<meta property=\"article:modified_time\" content=\"2023-04-12T16:39:09+00:00\" \/>\n<meta name=\"author\" content=\"admin\" \/>\n<meta name=\"twitter:label1\" content=\"Written by\" \/>\n\t<meta name=\"twitter:data1\" content=\"admin\" \/>\n\t<meta name=\"twitter:label2\" content=\"Est. reading time\" \/>\n\t<meta name=\"twitter:data2\" content=\"2 minutes\" \/>\n<script type=\"application\/ld+json\" class=\"yoast-schema-graph\">{\"@context\":\"https:\/\/schema.org\",\"@graph\":[{\"@type\":\"WebPage\",\"@id\":\"https:\/\/www.energiekonzepte.ch\/en\/project\/wohn-und-gewerbehaus-hallenstrasse-zuerich\/\",\"url\":\"https:\/\/www.energiekonzepte.ch\/en\/project\/wohn-und-gewerbehaus-hallenstrasse-zuerich\/\",\"name\":\"Wohn- und Gewerbehaus Hallenstrasse, Z\u00fcrich - Energiekonzepte\",\"isPartOf\":{\"@id\":\"https:\/\/www.energiekonzepte.ch\/#website\"},\"datePublished\":\"2023-01-10T18:59:14+00:00\",\"dateModified\":\"2023-04-12T16:39:09+00:00\",\"author\":{\"@id\":\"https:\/\/www.energiekonzepte.ch\/#\/schema\/person\/85f07537477ca9f189da9083247e8d99\"},\"breadcrumb\":{\"@id\":\"https:\/\/www.energiekonzepte.ch\/en\/project\/wohn-und-gewerbehaus-hallenstrasse-zuerich\/#breadcrumb\"},\"inLanguage\":\"en-US\",\"potentialAction\":[{\"@type\":\"ReadAction\",\"target\":[\"https:\/\/www.energiekonzepte.ch\/en\/project\/wohn-und-gewerbehaus-hallenstrasse-zuerich\/\"]}]},{\"@type\":\"BreadcrumbList\",\"@id\":\"https:\/\/www.energiekonzepte.ch\/en\/project\/wohn-und-gewerbehaus-hallenstrasse-zuerich\/#breadcrumb\",\"itemListElement\":[{\"@type\":\"ListItem\",\"position\":1,\"name\":\"Home\",\"item\":\"https:\/\/www.energiekonzepte.ch\/en\/\"},{\"@type\":\"ListItem\",\"position\":2,\"name\":\"Wohn- und Gewerbehaus Hallenstrasse, Z\u00fcrich\"}]},{\"@type\":\"WebSite\",\"@id\":\"https:\/\/www.energiekonzepte.ch\/#website\",\"url\":\"https:\/\/www.energiekonzepte.ch\/\",\"name\":\"Energiekonzepte\",\"description\":\"\",\"potentialAction\":[{\"@type\":\"SearchAction\",\"target\":{\"@type\":\"EntryPoint\",\"urlTemplate\":\"https:\/\/www.energiekonzepte.ch\/?s={search_term_string}\"},\"query-input\":{\"@type\":\"PropertyValueSpecification\",\"valueRequired\":true,\"valueName\":\"search_term_string\"}}],\"inLanguage\":\"en-US\"},{\"@type\":\"Person\",\"@id\":\"https:\/\/www.energiekonzepte.ch\/#\/schema\/person\/85f07537477ca9f189da9083247e8d99\",\"name\":\"admin\",\"url\":\"https:\/\/www.energiekonzepte.ch\/en\/author\/admin\/\"}]}<\/script>\n<!-- \/ Yoast SEO plugin. -->","yoast_head_json":{"title":"Wohn- und Gewerbehaus Hallenstrasse, Z\u00fcrich - Energiekonzepte","robots":{"index":"index","follow":"follow","max-snippet":"max-snippet:-1","max-image-preview":"max-image-preview:large","max-video-preview":"max-video-preview:-1"},"canonical":"https:\/\/www.energiekonzepte.ch\/en\/project\/wohn-und-gewerbehaus-hallenstrasse-zuerich\/","og_locale":"en_US","og_type":"article","og_title":"Wohn- und Gewerbehaus Hallenstrasse, Z\u00fcrich - Energiekonzepte","og_description":"WohnungsmixWo einst ein wenig gef\u00e4lliges Parkhaus stand, wurde im Z\u00fcrcher Seefeld-Quartier ein Ersatzneubau mit 15 Wohnungen und 280 m2 Gewerbefl\u00e4che nach Minergie-Standard errichtet. Der moderne Wohnungsmix reicht von Micro-Appartements bis zu 4,5-Zimmer-Wohnungen mit viel Tageslicht und privaten Aussenr\u00e4umen. Im Hinterhof wurde zudem ein kleiner Gr\u00fcnraum geschaffen. Einsparung von CO2, grauer Energie und KostenBesonders herausfordernd waren [&hellip;]","og_url":"https:\/\/www.energiekonzepte.ch\/en\/project\/wohn-und-gewerbehaus-hallenstrasse-zuerich\/","og_site_name":"Energiekonzepte","article_published_time":"2023-01-10T18:59:14+00:00","article_modified_time":"2023-04-12T16:39:09+00:00","author":"admin","twitter_misc":{"Written by":"admin","Est. reading time":"2 minutes"},"schema":{"@context":"https:\/\/schema.org","@graph":[{"@type":"WebPage","@id":"https:\/\/www.energiekonzepte.ch\/en\/project\/wohn-und-gewerbehaus-hallenstrasse-zuerich\/","url":"https:\/\/www.energiekonzepte.ch\/en\/project\/wohn-und-gewerbehaus-hallenstrasse-zuerich\/","name":"Wohn- und Gewerbehaus Hallenstrasse, Z\u00fcrich - Energiekonzepte","isPartOf":{"@id":"https:\/\/www.energiekonzepte.ch\/#website"},"datePublished":"2023-01-10T18:59:14+00:00","dateModified":"2023-04-12T16:39:09+00:00","author":{"@id":"https:\/\/www.energiekonzepte.ch\/#\/schema\/person\/85f07537477ca9f189da9083247e8d99"},"breadcrumb":{"@id":"https:\/\/www.energiekonzepte.ch\/en\/project\/wohn-und-gewerbehaus-hallenstrasse-zuerich\/#breadcrumb"},"inLanguage":"en-US","potentialAction":[{"@type":"ReadAction","target":["https:\/\/www.energiekonzepte.ch\/en\/project\/wohn-und-gewerbehaus-hallenstrasse-zuerich\/"]}]},{"@type":"BreadcrumbList","@id":"https:\/\/www.energiekonzepte.ch\/en\/project\/wohn-und-gewerbehaus-hallenstrasse-zuerich\/#breadcrumb","itemListElement":[{"@type":"ListItem","position":1,"name":"Home","item":"https:\/\/www.energiekonzepte.ch\/en\/"},{"@type":"ListItem","position":2,"name":"Wohn- und Gewerbehaus Hallenstrasse, Z\u00fcrich"}]},{"@type":"WebSite","@id":"https:\/\/www.energiekonzepte.ch\/#website","url":"https:\/\/www.energiekonzepte.ch\/","name":"Energiekonzepte","description":"","potentialAction":[{"@type":"SearchAction","target":{"@type":"EntryPoint","urlTemplate":"https:\/\/www.energiekonzepte.ch\/?s={search_term_string}"},"query-input":{"@type":"PropertyValueSpecification","valueRequired":true,"valueName":"search_term_string"}}],"inLanguage":"en-US"},{"@type":"Person","@id":"https:\/\/www.energiekonzepte.ch\/#\/schema\/person\/85f07537477ca9f189da9083247e8d99","name":"admin","url":"https:\/\/www.energiekonzepte.ch\/en\/author\/admin\/"}]}},"_links":{"self":[{"href":"https:\/\/www.energiekonzepte.ch\/en\/wp-json\/wp\/v2\/posts\/9145"}],"collection":[{"href":"https:\/\/www.energiekonzepte.ch\/en\/wp-json\/wp\/v2\/posts"}],"about":[{"href":"https:\/\/www.energiekonzepte.ch\/en\/wp-json\/wp\/v2\/types\/post"}],"author":[{"embeddable":true,"href":"https:\/\/www.energiekonzepte.ch\/en\/wp-json\/wp\/v2\/users\/2"}],"replies":[{"embeddable":true,"href":"https:\/\/www.energiekonzepte.ch\/en\/wp-json\/wp\/v2\/comments?post=9145"}],"version-history":[{"count":12,"href":"https:\/\/www.energiekonzepte.ch\/en\/wp-json\/wp\/v2\/posts\/9145\/revisions"}],"predecessor-version":[{"id":9636,"href":"https:\/\/www.energiekonzepte.ch\/en\/wp-json\/wp\/v2\/posts\/9145\/revisions\/9636"}],"wp:attachment":[{"href":"https:\/\/www.energiekonzepte.ch\/en\/wp-json\/wp\/v2\/media?parent=9145"}],"wp:term":[{"taxonomy":"category","embeddable":true,"href":"https:\/\/www.energiekonzepte.ch\/en\/wp-json\/wp\/v2\/categories?post=9145"},{"taxonomy":"post_tag","embeddable":true,"href":"https:\/\/www.energiekonzepte.ch\/en\/wp-json\/wp\/v2\/tags?post=9145"}],"curies":[{"name":"wp","href":"https:\/\/api.w.org\/{rel}","templated":true}]}}